{"id":82870,"date":"2024-12-03T08:13:30","date_gmt":"2024-12-03T14:13:30","guid":{"rendered":"http:\/\/mickyandoniehn.com\/radio\/2024\/12\/03\/viceministra-villanueva-sostiene-encuentro-con-el-papa-quien-le-expreso-sigue-adelante-no-te-detengas\/"},"modified":"2024-12-03T08:13:30","modified_gmt":"2024-12-03T14:13:30","slug":"viceministra-villanueva-sostiene-encuentro-con-el-papa-quien-le-expreso-sigue-adelante-no-te-detengas","status":"publish","type":"post","link":"https:\/\/mickyandoniehn.com\/radio\/2024\/12\/03\/viceministra-villanueva-sostiene-encuentro-con-el-papa-quien-le-expreso-sigue-adelante-no-te-detengas\/","title":{"rendered":"Viceministra Villanueva sostiene encuentro con el Papa, quien le expres\u00f3: \u201csigue adelante, no te detengas\u201d"},"content":{"rendered":"<\/p>\n<p>03.12.2024<\/p>\n<p><strong>Tegucigalpa<\/strong>\u00a0\u2013 La viceministra de Seguridad,\u00a0<strong>Julissa Villanueva<\/strong>, pidi\u00f3 este lunes al Papa Francisco que ore por Honduras en la lucha contra el crimen organizado, la corrupci\u00f3n e impunidad en la muerte violenta de mujeres.<\/p>\n<p>La funcionaria poste\u00f3 la foto del encuentro en la que Villanueva lo calific\u00f3 como especial, generoso y hermoso compartir con \u00e9l y pedir por el pa\u00eds.<\/p>\n<p>Se\u00f1al\u00f3 que Honduras vive en constante actuar del crimen organizado, la incesante corrupci\u00f3n e impunidad ante la muerte violenta de mujeres que mantiene no solo la victimizaci\u00f3n de las familias v\u00edctimas.<\/p>\n<p>Villanueva record\u00f3 que el Papa Francisco se ha pronunciado en su momento por las muertes violentas de los ambientalistas Juan Antonio L\u00f3pez y Berta C\u00e1ceres.<\/p>\n<p>Asimismo, el Papa ha instado en reiteradas ocasiones a la lucha de toda clase de violencia hacia las mujeres.\u00a0\u201cTodos estamos llamados a decir \u201cno\u201d a cualquier tipo de violencia contra las mujeres y las ni\u00f1as\u201d, remarc\u00f3 la funcionaria.<\/p>\n<div class=\"wp-block-embed__wrapper\">\n<div class=\"twitter-tweet twitter-tweet-rendered\"><\/div>\n<\/div>\n<p>El encuentro sucedi\u00f3 en una audiencia general en la Plaza de San Pedro del Vaticano, donde el Papa predic\u00f3 sobre las intervenciones milagrosas, decisivas y el obrar del Esp\u00edritu Santo para los prop\u00f3sitos divinos.<\/p>\n<p>\u201cSigue adelante, no te detengas\u201d, fueron parte de las expresiones del Papa a la viceministra de seguridad.<\/p>\n<p>Fuyente proceso digital<\/p>\n","protected":false},"excerpt":{"rendered":"<p>03.12.2024 Tegucigalpa\u00a0\u2013 La viceministra de Seguridad,\u00a0Julissa Villanueva, pidi\u00f3 este lunes al Papa Francisco que ore por Honduras en la lucha contra el crimen organizado, la corrupci\u00f3n e impunidad en la muerte violenta de mujeres. La funcionaria poste\u00f3 la foto del encuentro en la que Villanueva lo calific\u00f3 como especial, generoso y hermoso compartir con \u00e9l &hellip;<\/p>\n","protected":false},"author":0,"featured_media":82871,"comment_status":"open","ping_status":"open","sticky":false,"template":"","format":"standard","meta":{"_jetpack_memberships_contains_paid_content":false,"footnotes":""},"categories":[5],"tags":[],"class_list":["post-82870","post","type-post","status-publish","format-standard","has-post-thumbnail","","category-noticias"],"jetpack_sharing_enabled":true,"jetpack_featured_media_url":"https:\/\/mickyandoniehn.com\/radio\/wp-content\/uploads\/2024\/12\/5-1-yZaxQI.jpeg","_links":{"self":[{"href":"https:\/\/mickyandoniehn.com\/radio\/wp-json\/wp\/v2\/posts\/82870","targetHints":{"allow":["GET"]}}],"collection":[{"href":"https:\/\/mickyandoniehn.com\/radio\/wp-json\/wp\/v2\/posts"}],"about":[{"href":"https:\/\/mickyandoniehn.com\/radio\/wp-json\/wp\/v2\/types\/post"}],"replies":[{"embeddable":true,"href":"https:\/\/mickyandoniehn.com\/radio\/wp-json\/wp\/v2\/comments?post=82870"}],"version-history":[{"count":0,"href":"https:\/\/mickyandoniehn.com\/radio\/wp-json\/wp\/v2\/posts\/82870\/revisions"}],"wp:featuredmedia":[{"embeddable":true,"href":"https:\/\/mickyandoniehn.com\/radio\/wp-json\/wp\/v2\/media\/82871"}],"wp:attachment":[{"href":"https:\/\/mickyandoniehn.com\/radio\/wp-json\/wp\/v2\/media?parent=82870"}],"wp:term":[{"taxonomy":"category","embeddable":true,"href":"https:\/\/mickyandoniehn.com\/radio\/wp-json\/wp\/v2\/categories?post=82870"},{"taxonomy":"post_tag","embeddable":true,"href":"https:\/\/mickyandoniehn.com\/radio\/wp-json\/wp\/v2\/tags?post=82870"}],"curies":[{"name":"wp","href":"https:\/\/api.w.org\/{rel}","templated":true}]}}