{"id":82860,"date":"2024-12-03T08:13:20","date_gmt":"2024-12-03T14:13:20","guid":{"rendered":"http:\/\/mickyandoniehn.com\/radio\/2024\/12\/03\/el-poder-judicial-oficializa-asueto-del-16-de-diciembre-al-5-de-enero-de-2025\/"},"modified":"2024-12-03T08:13:20","modified_gmt":"2024-12-03T14:13:20","slug":"el-poder-judicial-oficializa-asueto-del-16-de-diciembre-al-5-de-enero-de-2025","status":"publish","type":"post","link":"https:\/\/mickyandoniehn.com\/radio\/2024\/12\/03\/el-poder-judicial-oficializa-asueto-del-16-de-diciembre-al-5-de-enero-de-2025\/","title":{"rendered":"El Poder Judicial oficializa asueto del 16 de diciembre al 5 de enero de 2025"},"content":{"rendered":"<\/p>\n<p>03.12.2024<\/p>\n<p>El Poder Judicial de Honduras anunci\u00f3 que todos los empleados y servidores judiciales disfrutar\u00e1n de un asueto desde el lunes 16 de diciembre hasta el viernes 3 de enero de 2025.<\/p>\n<p>Este per\u00edodo corresponde al segundo descanso vacacional del a\u00f1o, y se indic\u00f3 que los funcionarios retomar\u00e1n sus labores el lunes 6 de enero de 2025.<\/p>\n<p>Los juzgados que estar\u00e1n en asueto durante este per\u00edodo incluyen los de lo Penal, Familia, Violencia Dom\u00e9stica, Ni\u00f1ez y Adolescencia, Defensa P\u00fablica y Supervisi\u00f3n General.<\/p>\n<p>Sin embargo, aquellos tribunales que hayan programado audiencias para el segundo per\u00edodo vacacional deber\u00e1n realizarlas, y estas audiencias ser\u00e1n v\u00e1lidas.<\/p>\n<p>En el caso espec\u00edfico del Juzgado de Letras de Familia, solo se designar\u00e1 una persona para encargarse de la recepci\u00f3n y entrega de las pensiones alimenticias.<\/p>\n<p>De igual manera, en los Juzgados de Violencia Dom\u00e9stica se mantendr\u00e1 personal m\u00ednimo para atender casos urgentes y de flagrancia, como la recepci\u00f3n y entrega de pensiones alimenticias.<\/p>\n<p>Fuente Diario Roatan<\/p>\n","protected":false},"excerpt":{"rendered":"<p>03.12.2024 El Poder Judicial de Honduras anunci\u00f3 que todos los empleados y servidores judiciales disfrutar\u00e1n de un asueto desde el lunes 16 de diciembre hasta el viernes 3 de enero de 2025. Este per\u00edodo corresponde al segundo descanso vacacional del a\u00f1o, y se indic\u00f3 que los funcionarios retomar\u00e1n sus labores el lunes 6 de enero &hellip;<\/p>\n","protected":false},"author":0,"featured_media":82861,"comment_status":"open","ping_status":"open","sticky":false,"template":"","format":"standard","meta":{"_jetpack_memberships_contains_paid_content":false,"footnotes":""},"categories":[5],"tags":[],"class_list":["post-82860","post","type-post","status-publish","format-standard","has-post-thumbnail","","category-noticias"],"jetpack_sharing_enabled":true,"jetpack_featured_media_url":"https:\/\/mickyandoniehn.com\/radio\/wp-content\/uploads\/2024\/12\/10-1-w9AcZ6.jpeg","_links":{"self":[{"href":"https:\/\/mickyandoniehn.com\/radio\/wp-json\/wp\/v2\/posts\/82860","targetHints":{"allow":["GET"]}}],"collection":[{"href":"https:\/\/mickyandoniehn.com\/radio\/wp-json\/wp\/v2\/posts"}],"about":[{"href":"https:\/\/mickyandoniehn.com\/radio\/wp-json\/wp\/v2\/types\/post"}],"replies":[{"embeddable":true,"href":"https:\/\/mickyandoniehn.com\/radio\/wp-json\/wp\/v2\/comments?post=82860"}],"version-history":[{"count":0,"href":"https:\/\/mickyandoniehn.com\/radio\/wp-json\/wp\/v2\/posts\/82860\/revisions"}],"wp:featuredmedia":[{"embeddable":true,"href":"https:\/\/mickyandoniehn.com\/radio\/wp-json\/wp\/v2\/media\/82861"}],"wp:attachment":[{"href":"https:\/\/mickyandoniehn.com\/radio\/wp-json\/wp\/v2\/media?parent=82860"}],"wp:term":[{"taxonomy":"category","embeddable":true,"href":"https:\/\/mickyandoniehn.com\/radio\/wp-json\/wp\/v2\/categories?post=82860"},{"taxonomy":"post_tag","embeddable":true,"href":"https:\/\/mickyandoniehn.com\/radio\/wp-json\/wp\/v2\/tags?post=82860"}],"curies":[{"name":"wp","href":"https:\/\/api.w.org\/{rel}","templated":true}]}}