{"id":82859,"date":"2024-12-03T08:13:19","date_gmt":"2024-12-03T14:13:19","guid":{"rendered":"http:\/\/mickyandoniehn.com\/radio\/2024\/12\/03\/no-se-requiere-de-una-ley-de-empleo-por-hora-para-hacer-contrataciones-en-diciembre-senala-ministro-de-trabajo-2\/"},"modified":"2024-12-03T08:13:19","modified_gmt":"2024-12-03T14:13:19","slug":"no-se-requiere-de-una-ley-de-empleo-por-hora-para-hacer-contrataciones-en-diciembre-senala-ministro-de-trabajo-2","status":"publish","type":"post","link":"https:\/\/mickyandoniehn.com\/radio\/2024\/12\/03\/no-se-requiere-de-una-ley-de-empleo-por-hora-para-hacer-contrataciones-en-diciembre-senala-ministro-de-trabajo-2\/","title":{"rendered":"No se requiere de una Ley de Empleo por Hora para hacer contrataciones en diciembre, se\u00f1ala ministro de Trabajo"},"content":{"rendered":"<\/p>\n<p>03.12.2024<\/p>\n<p><strong>Tegucigalpa<\/strong>\u00a0\u2013 El ministro de Trabajo,\u00a0<strong>Wilmer Javier Fern\u00e1ndez<\/strong>, manifest\u00f3 que no se necesita de una Ley de Empleo por Hora para que los negocios puedan hacer contrataciones de empleados para la temporada navide\u00f1a.<\/p>\n<p>Afirm\u00f3 que el C\u00f3digo de Trabajo da las posibilidades para que los negocios puedan hacer contrataciones solo en el per\u00edodo de diciembre.<\/p>\n<p>\u201cUn centro de trabajo que va a experimentar un aumento en el consumo y requiere de m\u00e1s trabajadores tiene la posibilidad de contratar personas para diciembre\u201d, garantiz\u00f3 el funcionario.<\/p>\n<p>Fern\u00e1ndez asegur\u00f3 que hay datos estad\u00edsticos y metodolog\u00edas reconocidas que demuestran que cuando estuvo vigente la Ley de Empleo por Hora, la subocupaci\u00f3n en el pa\u00eds aument\u00f3.<\/p>\n<p>No obstante, destac\u00f3 que tras dos a\u00f1os de la derogaci\u00f3n de la Ley de Empleo por Hora, la subocupaci\u00f3n ha disminuido y ha aumentado la gente que trabaja.<\/p>\n<p>La Ley de Empleo por Hora como herramienta fracas\u00f3 en la generaci\u00f3n de empleo como en los derechos laborales, se\u00f1al\u00f3.<\/p>\n<p>El ministro de Trabajo estim\u00f3 que a junio del presente a\u00f1o, hay alrededor de 85 mil personas m\u00e1s ocupadas y que ha disminuido la subocupaci\u00f3n.<\/p>\n<p>Fuente: procesO Digital<\/p>\n","protected":false},"excerpt":{"rendered":"<p>03.12.2024 Tegucigalpa\u00a0\u2013 El ministro de Trabajo,\u00a0Wilmer Javier Fern\u00e1ndez, manifest\u00f3 que no se necesita de una Ley de Empleo por Hora para que los negocios puedan hacer contrataciones de empleados para la temporada navide\u00f1a. Afirm\u00f3 que el C\u00f3digo de Trabajo da las posibilidades para que los negocios puedan hacer contrataciones solo en el per\u00edodo de diciembre. &hellip;<\/p>\n","protected":false},"author":0,"featured_media":82846,"comment_status":"open","ping_status":"open","sticky":false,"template":"","format":"standard","meta":{"_jetpack_memberships_contains_paid_content":false,"footnotes":""},"categories":[5],"tags":[],"class_list":["post-82859","post","type-post","status-publish","format-standard","has-post-thumbnail","","category-noticias"],"jetpack_sharing_enabled":true,"jetpack_featured_media_url":"https:\/\/mickyandoniehn.com\/radio\/wp-content\/uploads\/2024\/12\/13-dQMbcr.jpeg","_links":{"self":[{"href":"https:\/\/mickyandoniehn.com\/radio\/wp-json\/wp\/v2\/posts\/82859","targetHints":{"allow":["GET"]}}],"collection":[{"href":"https:\/\/mickyandoniehn.com\/radio\/wp-json\/wp\/v2\/posts"}],"about":[{"href":"https:\/\/mickyandoniehn.com\/radio\/wp-json\/wp\/v2\/types\/post"}],"replies":[{"embeddable":true,"href":"https:\/\/mickyandoniehn.com\/radio\/wp-json\/wp\/v2\/comments?post=82859"}],"version-history":[{"count":0,"href":"https:\/\/mickyandoniehn.com\/radio\/wp-json\/wp\/v2\/posts\/82859\/revisions"}],"wp:featuredmedia":[{"embeddable":true,"href":"https:\/\/mickyandoniehn.com\/radio\/wp-json\/wp\/v2\/media\/82846"}],"wp:attachment":[{"href":"https:\/\/mickyandoniehn.com\/radio\/wp-json\/wp\/v2\/media?parent=82859"}],"wp:term":[{"taxonomy":"category","embeddable":true,"href":"https:\/\/mickyandoniehn.com\/radio\/wp-json\/wp\/v2\/categories?post=82859"},{"taxonomy":"post_tag","embeddable":true,"href":"https:\/\/mickyandoniehn.com\/radio\/wp-json\/wp\/v2\/tags?post=82859"}],"curies":[{"name":"wp","href":"https:\/\/api.w.org\/{rel}","templated":true}]}}