{"id":82857,"date":"2024-12-03T08:13:17","date_gmt":"2024-12-03T14:13:17","guid":{"rendered":"http:\/\/mickyandoniehn.com\/radio\/2024\/12\/03\/trabajadores-sociales-protestan-por-segundo-dia-consecutivo-en-centro-de-salud-alonso-suazo\/"},"modified":"2024-12-03T08:13:17","modified_gmt":"2024-12-03T14:13:17","slug":"trabajadores-sociales-protestan-por-segundo-dia-consecutivo-en-centro-de-salud-alonso-suazo","status":"publish","type":"post","link":"https:\/\/mickyandoniehn.com\/radio\/2024\/12\/03\/trabajadores-sociales-protestan-por-segundo-dia-consecutivo-en-centro-de-salud-alonso-suazo\/","title":{"rendered":"Trabajadores sociales protestan por segundo d\u00eda consecutivo en centro de salud Alonso Suazo"},"content":{"rendered":"<\/p>\n<p>03.12.2024<\/p>\n<p><strong>Tegucigalpa \u2013<\/strong>\u00a0Los trabajadores sociales del centro de salud Alonso Suazo protestaron hoy por segundo d\u00eda consecutivo exigiendo se destituya a quien fue nombrada como coordinadora del departamento.<\/p>\n<p>Los inconformes piden la destituci\u00f3n de Mayra In\u00e9s Sierra, ya que ella es una orientadora educativa que fue nombrada como coordinadora del departamento de trabajo social.<\/p>\n<p>Ella fue impuesta e incluso se nombr\u00f3 cuando gozaba de un periodo de vacaciones, expusieron los manifestantes.<\/p>\n<p>Cabe mencionar que la manifestaci\u00f3n no afecta la atenci\u00f3n m\u00e9dica en ese centro de salud de referencia. Sin embargo, permanece cerrado el departamento de trabajo social.<\/p>\n<p>Las actividades que dependen de este departamento as\u00ed como los enlaces comunitarios se mantienen\u00a0 paralizados desde ayer.<\/p>\n<p>Los inconformes advirtieron que continuar\u00e1n con la manifestaci\u00f3n hasta obtener una respuesta de parte de las autoridades.<\/p>\n<p>Fuente: Proceso Digital<\/p>\n","protected":false},"excerpt":{"rendered":"<p>03.12.2024 Tegucigalpa \u2013\u00a0Los trabajadores sociales del centro de salud Alonso Suazo protestaron hoy por segundo d\u00eda consecutivo exigiendo se destituya a quien fue nombrada como coordinadora del departamento. Los inconformes piden la destituci\u00f3n de Mayra In\u00e9s Sierra, ya que ella es una orientadora educativa que fue nombrada como coordinadora del departamento de trabajo social. Ella &hellip;<\/p>\n","protected":false},"author":0,"featured_media":82858,"comment_status":"open","ping_status":"open","sticky":false,"template":"","format":"standard","meta":{"_jetpack_memberships_contains_paid_content":false,"footnotes":""},"categories":[5],"tags":[],"class_list":["post-82857","post","type-post","status-publish","format-standard","has-post-thumbnail","","category-noticias"],"jetpack_sharing_enabled":true,"jetpack_featured_media_url":"https:\/\/mickyandoniehn.com\/radio\/wp-content\/uploads\/2024\/12\/12-P9fPc0.jpeg","_links":{"self":[{"href":"https:\/\/mickyandoniehn.com\/radio\/wp-json\/wp\/v2\/posts\/82857","targetHints":{"allow":["GET"]}}],"collection":[{"href":"https:\/\/mickyandoniehn.com\/radio\/wp-json\/wp\/v2\/posts"}],"about":[{"href":"https:\/\/mickyandoniehn.com\/radio\/wp-json\/wp\/v2\/types\/post"}],"replies":[{"embeddable":true,"href":"https:\/\/mickyandoniehn.com\/radio\/wp-json\/wp\/v2\/comments?post=82857"}],"version-history":[{"count":0,"href":"https:\/\/mickyandoniehn.com\/radio\/wp-json\/wp\/v2\/posts\/82857\/revisions"}],"wp:featuredmedia":[{"embeddable":true,"href":"https:\/\/mickyandoniehn.com\/radio\/wp-json\/wp\/v2\/media\/82858"}],"wp:attachment":[{"href":"https:\/\/mickyandoniehn.com\/radio\/wp-json\/wp\/v2\/media?parent=82857"}],"wp:term":[{"taxonomy":"category","embeddable":true,"href":"https:\/\/mickyandoniehn.com\/radio\/wp-json\/wp\/v2\/categories?post=82857"},{"taxonomy":"post_tag","embeddable":true,"href":"https:\/\/mickyandoniehn.com\/radio\/wp-json\/wp\/v2\/tags?post=82857"}],"curies":[{"name":"wp","href":"https:\/\/api.w.org\/{rel}","templated":true}]}}