{"id":82715,"date":"2024-11-28T10:13:47","date_gmt":"2024-11-28T16:13:47","guid":{"rendered":"http:\/\/mickyandoniehn.com\/radio\/2024\/11\/28\/emprendedores-exponen-sus-productos-en-feria-navidena\/"},"modified":"2024-11-28T10:13:47","modified_gmt":"2024-11-28T16:13:47","slug":"emprendedores-exponen-sus-productos-en-feria-navidena","status":"publish","type":"post","link":"https:\/\/mickyandoniehn.com\/radio\/2024\/11\/28\/emprendedores-exponen-sus-productos-en-feria-navidena\/","title":{"rendered":"Emprendedores exponen sus productos en feria navide\u00f1a"},"content":{"rendered":"<p>28.11.2024<\/p>\n<\/p>\n<p>Veinte emprendedores hondure\u00f1os exponen sus productos en la feria navide\u00f1a Christmas Market de Voces Vitales Honduras, que arranc\u00f3 hoy mi\u00e9rcoles en el Consejo Hondure\u00f1o de la Empresa Privada en Tegucigalpa. El gerente de Empresas Sostenibles del Consejo Hondure\u00f1o de la Empresa Privada (Cohep), Gabriel Molina, destac\u00f3 que esa plataforma comercial se desarrolla de 10:00 de la ma\u00f1ana a 5:00 de la tarde. \u201cSe ofrecen productos \u00fanicos, perfectos para regalos navide\u00f1os, entre estos, alimentos, bebidas, juguetes y accesorios para el hogar\u201d, agreg\u00f3 Molina.<\/p>\n<p>Por su parte, hondure\u00f1o, Abner Oseguera, con su emprendimiento de chiles picantes ex\u00f3ticos, motiv\u00f3 a los consumidores a apoyar lo hecho en casa para que nuestro pa\u00eds llegue al nivel de desarrollo econ\u00f3mico al que han escalado otros pa\u00edses.<\/p>\n<p>Esta iniciativa de impulso al emprendimiento local, fue organizada por el comit\u00e9 de g\u00e9nero del Cohep en alianza con voces vitales, que es una organizaci\u00f3n sin fines de lucro que invierte en la mujer para promover el desarrollo econ\u00f3mico y social de Honduras.<\/p>\n<p>Fuente: Diario Roat\u00e1n<\/p>\n","protected":false},"excerpt":{"rendered":"<p>28.11.2024 Veinte emprendedores hondure\u00f1os exponen sus productos en la feria navide\u00f1a Christmas Market de Voces Vitales Honduras, que arranc\u00f3 hoy mi\u00e9rcoles en el Consejo Hondure\u00f1o de la Empresa Privada en Tegucigalpa. El gerente de Empresas Sostenibles del Consejo Hondure\u00f1o de la Empresa Privada (Cohep), Gabriel Molina, destac\u00f3 que esa plataforma comercial se desarrolla de 10:00 &hellip;<\/p>\n","protected":false},"author":0,"featured_media":82716,"comment_status":"open","ping_status":"open","sticky":false,"template":"","format":"standard","meta":{"_jetpack_memberships_contains_paid_content":false,"footnotes":""},"categories":[5],"tags":[],"class_list":["post-82715","post","type-post","status-publish","format-standard","has-post-thumbnail","","category-noticias"],"jetpack_sharing_enabled":true,"jetpack_featured_media_url":"https:\/\/mickyandoniehn.com\/radio\/wp-content\/uploads\/2024\/11\/Bazar-navideno-750x430-1-BOOCWV.jpeg","_links":{"self":[{"href":"https:\/\/mickyandoniehn.com\/radio\/wp-json\/wp\/v2\/posts\/82715","targetHints":{"allow":["GET"]}}],"collection":[{"href":"https:\/\/mickyandoniehn.com\/radio\/wp-json\/wp\/v2\/posts"}],"about":[{"href":"https:\/\/mickyandoniehn.com\/radio\/wp-json\/wp\/v2\/types\/post"}],"replies":[{"embeddable":true,"href":"https:\/\/mickyandoniehn.com\/radio\/wp-json\/wp\/v2\/comments?post=82715"}],"version-history":[{"count":0,"href":"https:\/\/mickyandoniehn.com\/radio\/wp-json\/wp\/v2\/posts\/82715\/revisions"}],"wp:featuredmedia":[{"embeddable":true,"href":"https:\/\/mickyandoniehn.com\/radio\/wp-json\/wp\/v2\/media\/82716"}],"wp:attachment":[{"href":"https:\/\/mickyandoniehn.com\/radio\/wp-json\/wp\/v2\/media?parent=82715"}],"wp:term":[{"taxonomy":"category","embeddable":true,"href":"https:\/\/mickyandoniehn.com\/radio\/wp-json\/wp\/v2\/categories?post=82715"},{"taxonomy":"post_tag","embeddable":true,"href":"https:\/\/mickyandoniehn.com\/radio\/wp-json\/wp\/v2\/tags?post=82715"}],"curies":[{"name":"wp","href":"https:\/\/api.w.org\/{rel}","templated":true}]}}