{"id":82132,"date":"2024-11-17T10:12:39","date_gmt":"2024-11-17T16:12:39","guid":{"rendered":"http:\/\/mickyandoniehn.com\/radio\/2024\/11\/17\/enfermeras-seguiran-en-paro-de-labores\/"},"modified":"2024-11-17T10:12:39","modified_gmt":"2024-11-17T16:12:39","slug":"enfermeras-seguiran-en-paro-de-labores","status":"publish","type":"post","link":"https:\/\/mickyandoniehn.com\/radio\/2024\/11\/17\/enfermeras-seguiran-en-paro-de-labores\/","title":{"rendered":"Enfermeras seguir\u00e1n en paro de labores"},"content":{"rendered":"<\/p>\n<p><strong>17.11.24<\/strong><\/p>\n<p>Las enfermeras auxiliares seguir\u00e1n en paro de labores esta semana que viene, ante la falta de respuestas a sus demandas por parte del gobierno, seg\u00fan confirm\u00f3 la dirigencia en las \u00faltimas horas.<\/p>\n<p>El presidente de la Asociaci\u00f3n Nacional de Enfermeros y Enfermeras Auxiliares de Honduras (ANEEAH), Josu\u00e9 Orellana, inform\u00f3 que se mantienen en paro de labores a nivel nacional hasta tener una respuesta concreta de la ministra de Salud, Carla Paredes.<\/p>\n<p>Record\u00f3 que la protesta se debe a que hay varios acuerdos firmados con las autoridades del Ministerio de Salud que no se est\u00e1n cumpliendo, entre ellos, el no respeto a las funciones de estas, falta de pago en algunos compa\u00f1eros y atraso en acreditaci\u00f3n en procesos de zonaje.<\/p>\n<p>El pasado jueves, durante parte de la ma\u00f1ana y mediod\u00eda, las profesionales de enfermer\u00eda se apostaron en diferentes lugares del pa\u00eds, realizando plantones y quemas de monigotes con la cara de la ministra de Salud, Carla Paredes.<\/p>\n<p>En la capital, el plant\u00f3n dur\u00f3 m\u00e1s de cuatro horas frente a la Casa Presidencial a la espera de ser atendidos por la Presidenta Xiomara Castro, sin que hayan tenido \u00e9xito.<\/p>\n<p>Es por eso, agreg\u00f3 Orellana, que seguir\u00e1n con los plantones en todo el pa\u00eds, lamentando, al mismo tiempo, dijo, a los pacientes que llegan cotidianamente en busca de los servicios de salud a los centros de salud y los hospitales de sus comunidades.<\/p>\n<p>Fuente: La Tribuna.<\/p>\n","protected":false},"excerpt":{"rendered":"<p>17.11.24 Las enfermeras auxiliares seguir\u00e1n en paro de labores esta semana que viene, ante la falta de respuestas a sus demandas por parte del gobierno, seg\u00fan confirm\u00f3 la dirigencia en las \u00faltimas horas. El presidente de la Asociaci\u00f3n Nacional de Enfermeros y Enfermeras Auxiliares de Honduras (ANEEAH), Josu\u00e9 Orellana, inform\u00f3 que se mantienen en paro &hellip;<\/p>\n","protected":false},"author":0,"featured_media":82133,"comment_status":"open","ping_status":"open","sticky":false,"template":"","format":"standard","meta":{"_jetpack_memberships_contains_paid_content":false,"footnotes":""},"categories":[5],"tags":[],"class_list":["post-82132","post","type-post","status-publish","format-standard","has-post-thumbnail","","category-noticias"],"jetpack_sharing_enabled":true,"jetpack_featured_media_url":"https:\/\/mickyandoniehn.com\/radio\/wp-content\/uploads\/2024\/11\/ENFERMERAS-WhuAJM.jpeg","_links":{"self":[{"href":"https:\/\/mickyandoniehn.com\/radio\/wp-json\/wp\/v2\/posts\/82132","targetHints":{"allow":["GET"]}}],"collection":[{"href":"https:\/\/mickyandoniehn.com\/radio\/wp-json\/wp\/v2\/posts"}],"about":[{"href":"https:\/\/mickyandoniehn.com\/radio\/wp-json\/wp\/v2\/types\/post"}],"replies":[{"embeddable":true,"href":"https:\/\/mickyandoniehn.com\/radio\/wp-json\/wp\/v2\/comments?post=82132"}],"version-history":[{"count":0,"href":"https:\/\/mickyandoniehn.com\/radio\/wp-json\/wp\/v2\/posts\/82132\/revisions"}],"wp:featuredmedia":[{"embeddable":true,"href":"https:\/\/mickyandoniehn.com\/radio\/wp-json\/wp\/v2\/media\/82133"}],"wp:attachment":[{"href":"https:\/\/mickyandoniehn.com\/radio\/wp-json\/wp\/v2\/media?parent=82132"}],"wp:term":[{"taxonomy":"category","embeddable":true,"href":"https:\/\/mickyandoniehn.com\/radio\/wp-json\/wp\/v2\/categories?post=82132"},{"taxonomy":"post_tag","embeddable":true,"href":"https:\/\/mickyandoniehn.com\/radio\/wp-json\/wp\/v2\/tags?post=82132"}],"curies":[{"name":"wp","href":"https:\/\/api.w.org\/{rel}","templated":true}]}}