{"id":81927,"date":"2024-11-13T09:14:16","date_gmt":"2024-11-13T15:14:16","guid":{"rendered":"http:\/\/mickyandoniehn.com\/radio\/2024\/11\/13\/experto-cuestiona-sostenibilidad-de-la-enee-reduccion-de-perdidas-no-frena-el-aumento-de-la-deuda-estatal\/"},"modified":"2024-11-13T09:14:16","modified_gmt":"2024-11-13T15:14:16","slug":"experto-cuestiona-sostenibilidad-de-la-enee-reduccion-de-perdidas-no-frena-el-aumento-de-la-deuda-estatal","status":"publish","type":"post","link":"https:\/\/mickyandoniehn.com\/radio\/2024\/11\/13\/experto-cuestiona-sostenibilidad-de-la-enee-reduccion-de-perdidas-no-frena-el-aumento-de-la-deuda-estatal\/","title":{"rendered":"Experto cuestiona sostenibilidad de la ENEE: reducci\u00f3n de p\u00e9rdidas no frena el aumento de la deuda estatal"},"content":{"rendered":"<\/p>\n<p><strong>13.11.24<\/strong><\/p>\n<p>A pesar de las afirmaciones de la Empresa Nacional de Energ\u00eda El\u00e9ctrica (ENEE) sobre una reducci\u00f3n en sus p\u00e9rdidas de m\u00e1s del 2%, el analista de la Asociaci\u00f3n para una Sociedad M\u00e1s Justa (ASJ), Kevin Rodr\u00edguez, cuestion\u00f3 por qu\u00e9, si estas p\u00e9rdidas est\u00e1n disminuyendo, la deuda de la empresa sigue en aumento. Rodr\u00edguez subray\u00f3 que, en el a\u00f1o 2024, la deuda total de la ENEE se increment\u00f3 en 5,427 millones de lempiras, pasando de 101,833.43 millones en 2023 a 107,260.42 millones.<\/p>\n<p>Uno de los aspectos m\u00e1s controvertidos surgi\u00f3 tras la reciente subasta de bonos de la estatal, que fue declarada desierta por falta de inter\u00e9s de los inversionistas, lo que despert\u00f3 dudas sobre la efectividad de las mejoras que la ENEE asegura haber implementado. Rodr\u00edguez se\u00f1al\u00f3 que esta situaci\u00f3n evidencia que el mercado a\u00fan no percibe los cambios estructurales necesarios en la empresa, y que la reducci\u00f3n en p\u00e9rdidas no se traduce en una mejora de la confianza de los inversionistas.<\/p>\n<p>Para el ministro de Energ\u00eda, Erick Tejada, la reducci\u00f3n de p\u00e9rdidas en un 2.6% deber\u00eda mejorar la situaci\u00f3n financiera de la estatal y hacerla m\u00e1s atractiva para el mercado de inversiones. Sin embargo, Rodr\u00edguez enfatiz\u00f3 que, aunque disminuir las p\u00e9rdidas es un paso positivo, esta mejora parece insuficiente para revertir el pesimismo del mercado.<\/p>\n<p>Fuente: Diario Roat\u00e1n.<\/p>\n","protected":false},"excerpt":{"rendered":"<p>13.11.24 A pesar de las afirmaciones de la Empresa Nacional de Energ\u00eda El\u00e9ctrica (ENEE) sobre una reducci\u00f3n en sus p\u00e9rdidas de m\u00e1s del 2%, el analista de la Asociaci\u00f3n para una Sociedad M\u00e1s Justa (ASJ), Kevin Rodr\u00edguez, cuestion\u00f3 por qu\u00e9, si estas p\u00e9rdidas est\u00e1n disminuyendo, la deuda de la empresa sigue en aumento. Rodr\u00edguez subray\u00f3 &hellip;<\/p>\n","protected":false},"author":0,"featured_media":81928,"comment_status":"open","ping_status":"open","sticky":false,"template":"","format":"standard","meta":{"_jetpack_memberships_contains_paid_content":false,"footnotes":""},"categories":[5],"tags":[],"class_list":["post-81927","post","type-post","status-publish","format-standard","has-post-thumbnail","","category-noticias"],"jetpack_sharing_enabled":true,"jetpack_featured_media_url":"https:\/\/mickyandoniehn.com\/radio\/wp-content\/uploads\/2024\/11\/Portadas-web-1-23-1024x576-1-750x430-1-8Pl9xT.png","_links":{"self":[{"href":"https:\/\/mickyandoniehn.com\/radio\/wp-json\/wp\/v2\/posts\/81927","targetHints":{"allow":["GET"]}}],"collection":[{"href":"https:\/\/mickyandoniehn.com\/radio\/wp-json\/wp\/v2\/posts"}],"about":[{"href":"https:\/\/mickyandoniehn.com\/radio\/wp-json\/wp\/v2\/types\/post"}],"replies":[{"embeddable":true,"href":"https:\/\/mickyandoniehn.com\/radio\/wp-json\/wp\/v2\/comments?post=81927"}],"version-history":[{"count":0,"href":"https:\/\/mickyandoniehn.com\/radio\/wp-json\/wp\/v2\/posts\/81927\/revisions"}],"wp:featuredmedia":[{"embeddable":true,"href":"https:\/\/mickyandoniehn.com\/radio\/wp-json\/wp\/v2\/media\/81928"}],"wp:attachment":[{"href":"https:\/\/mickyandoniehn.com\/radio\/wp-json\/wp\/v2\/media?parent=81927"}],"wp:term":[{"taxonomy":"category","embeddable":true,"href":"https:\/\/mickyandoniehn.com\/radio\/wp-json\/wp\/v2\/categories?post=81927"},{"taxonomy":"post_tag","embeddable":true,"href":"https:\/\/mickyandoniehn.com\/radio\/wp-json\/wp\/v2\/tags?post=81927"}],"curies":[{"name":"wp","href":"https:\/\/api.w.org\/{rel}","templated":true}]}}