{"id":81828,"date":"2024-11-09T09:12:59","date_gmt":"2024-11-09T15:12:59","guid":{"rendered":"http:\/\/mickyandoniehn.com\/radio\/2024\/11\/09\/el-mp-y-rnp-reaperturan-ventanillas-de-atencion-a-dolientes-en-morgue-capitalina\/"},"modified":"2024-11-09T09:12:59","modified_gmt":"2024-11-09T15:12:59","slug":"el-mp-y-rnp-reaperturan-ventanillas-de-atencion-a-dolientes-en-morgue-capitalina","status":"publish","type":"post","link":"https:\/\/mickyandoniehn.com\/radio\/2024\/11\/09\/el-mp-y-rnp-reaperturan-ventanillas-de-atencion-a-dolientes-en-morgue-capitalina\/","title":{"rendered":"El MP y RNP reaperturan ventanillas de atenci\u00f3n a dolientes en morgue capitalina"},"content":{"rendered":"<\/p>\n<p>Tegucigalpa. 09.11.2024<\/p>\n<p>El Fiscal General de la Rep\u00fablica, Johel Zelaya y el Comisionado Presidente del Registro Nacional de las Personas (RNP), ingeniero Roberto Brev\u00e9, presidieron los actos de reapertura de las ventanillas de atenci\u00f3n a los dolientes en la morgue del Ministerio P\u00fablico.<\/p>\n<\/p>\n<p>El RNP viene trabajando en un plan de fortalecimiento institucional que incluye la remodelaci\u00f3n de las instalaciones f\u00edsicas que albergan al personal que presta sus servicios en diferentes instituciones y localidades del pa\u00eds, en la morgue del MP ha venido realizando una invaluable tarea en beneficio de los m\u00e1s necesitados y trabajando de la mano con la Direcci\u00f3n de Medicina Forense, el compromiso de colaboraci\u00f3n fue reafirmado recientemente en una reuni\u00f3n con el titular de \u00e9sta dependencia, doctor Mario Javier Garc\u00eda.<\/p>\n<\/p>\n<p>En el contexto de los actos protocolarios, el Fiscal General manifest\u00f3 que \u201cHay peque\u00f1as cosas que facilitan la vida, me consta porque soy de tierra adentro, y s\u00e9 del sufrimiento que tiene la gente cuando viene y no puede retirar un ser querido por falta de asistencia, por temas de identificaci\u00f3n, por eso quiero agradecer a los comisionados y todos los colaboradores nuestros por tener esta oficina que es m\u00e1s importante de lo que nos imaginamos, es un tema de justicia y humanitario\u201d apreci\u00f3 el Fiscal General.<\/p>\n<\/p>\n<p>Adem\u00e1s, \u201cCr\u00e9anme que va a facilitar la vida de muchos, as\u00ed que agradezco mucho, estos convenios son muy importantes y el MP va a seguir haciendo lo propio, hay un Ministerio P\u00fablico que siente el dolor del ser humano, tiene empat\u00eda, y por eso reitero que no voy a retroceder en la lucha contra la corrupci\u00f3n, las investigaciones tardan, pero mis principios est\u00e1n arraigados desde que nac\u00ed\u201d asever\u00f3 con firmeza la m\u00e1xima autoridad del MP.<\/p>\n<\/p>\n<p>Entre tanto, el Comisionado presidente del RNP asegur\u00f3 que \u201cEs triste saber que a \u00e9sta oficina vienen personas que sufren sus \u00faltimos d\u00edas con sus seres queridos, pero, hacemos todo lo posible por cumplir con la misi\u00f3n de darles el mejor servicio, tenemos todo lo necesario, agradecemos a nuestro personal, al proyecto PROFIN, con nuestra base de datos podremos hacer muchos tr\u00e1mites en beneficio de la poblaci\u00f3n, \u00e9sta es una peque\u00f1a muestra del trabajo coordinado entre el RNP y MP\u201d asegur\u00f3 el ingeniero Roberto Brev\u00e9.<\/p>\n<\/p>\n<p>En los actos de reapertura tambi\u00e9n estuvo presente el comisionado propietario \u00d3scar Rivera, asimismo los comisionados suplentes ingenieros Karlo Matute y Rufino Zepeda.<\/p>\n<\/p>\n<h4><strong><em>MINISTERIO P\u00daBLICO<\/em><\/strong><\/h4>\n<div class=\"twitter-tweet twitter-tweet-rendered\"><\/div>\n","protected":false},"excerpt":{"rendered":"<p>Tegucigalpa. 09.11.2024 El Fiscal General de la Rep\u00fablica, Johel Zelaya y el Comisionado Presidente del Registro Nacional de las Personas (RNP), ingeniero Roberto Brev\u00e9, presidieron los actos de reapertura de las ventanillas de atenci\u00f3n a los dolientes en la morgue del Ministerio P\u00fablico. El RNP viene trabajando en un plan de fortalecimiento institucional que incluye &hellip;<\/p>\n","protected":false},"author":0,"featured_media":81829,"comment_status":"open","ping_status":"open","sticky":false,"template":"","format":"standard","meta":{"_jetpack_memberships_contains_paid_content":false,"footnotes":""},"categories":[5],"tags":[],"class_list":["post-81828","post","type-post","status-publish","format-standard","has-post-thumbnail","","category-noticias"],"jetpack_sharing_enabled":true,"jetpack_featured_media_url":"https:\/\/mickyandoniehn.com\/radio\/wp-content\/uploads\/2024\/11\/Ventanillas-del-RNP-en-Morgue-del-MP-La-Tribuna-768x393-1-MR25T9.jpeg","_links":{"self":[{"href":"https:\/\/mickyandoniehn.com\/radio\/wp-json\/wp\/v2\/posts\/81828","targetHints":{"allow":["GET"]}}],"collection":[{"href":"https:\/\/mickyandoniehn.com\/radio\/wp-json\/wp\/v2\/posts"}],"about":[{"href":"https:\/\/mickyandoniehn.com\/radio\/wp-json\/wp\/v2\/types\/post"}],"replies":[{"embeddable":true,"href":"https:\/\/mickyandoniehn.com\/radio\/wp-json\/wp\/v2\/comments?post=81828"}],"version-history":[{"count":0,"href":"https:\/\/mickyandoniehn.com\/radio\/wp-json\/wp\/v2\/posts\/81828\/revisions"}],"wp:featuredmedia":[{"embeddable":true,"href":"https:\/\/mickyandoniehn.com\/radio\/wp-json\/wp\/v2\/media\/81829"}],"wp:attachment":[{"href":"https:\/\/mickyandoniehn.com\/radio\/wp-json\/wp\/v2\/media?parent=81828"}],"wp:term":[{"taxonomy":"category","embeddable":true,"href":"https:\/\/mickyandoniehn.com\/radio\/wp-json\/wp\/v2\/categories?post=81828"},{"taxonomy":"post_tag","embeddable":true,"href":"https:\/\/mickyandoniehn.com\/radio\/wp-json\/wp\/v2\/tags?post=81828"}],"curies":[{"name":"wp","href":"https:\/\/api.w.org\/{rel}","templated":true}]}}