{"id":81824,"date":"2024-11-09T09:12:54","date_gmt":"2024-11-09T15:12:54","guid":{"rendered":"http:\/\/mickyandoniehn.com\/radio\/2024\/11\/09\/infop-desarrolla-feria-de-empleo-para-facilitar-acceso-a-2-mil-vacantes\/"},"modified":"2024-11-09T09:12:54","modified_gmt":"2024-11-09T15:12:54","slug":"infop-desarrolla-feria-de-empleo-para-facilitar-acceso-a-2-mil-vacantes","status":"publish","type":"post","link":"https:\/\/mickyandoniehn.com\/radio\/2024\/11\/09\/infop-desarrolla-feria-de-empleo-para-facilitar-acceso-a-2-mil-vacantes\/","title":{"rendered":"Infop desarrolla Feria de Empleo para facilitar acceso a 2 mil vacantes"},"content":{"rendered":"<\/p>\n<p>\u00a0<\/p>\n<p><em><strong>SAN PEDRO SULA, Cort\u00e9s.<\/strong><\/em><strong> 09.11.2024<\/strong><\/p>\n<p>El Instituto Nacional de Formaci\u00f3n Profesional (Infop) fortaleci\u00f3 su compromiso de contribuir a la generaci\u00f3n de empleo en el pa\u00eds, al presentar su oferta formativa en la Feria de Empleo y Oportunidades.<\/p>\n<p>Este evento, organizado por la Divisi\u00f3n T\u00e9cnico Docente, a trav\u00e9s del Departamento de Orientaci\u00f3n en la Regional de San Pedro Sula, busca facilitar el acceso a m\u00e1s de 2,000 puestos de trabajo ofertados por 80 empresas del sector privado.<\/p>\n<p>La feria recibi\u00f3 a cientos de interesados, a quienes se esper\u00f3 con sus hojas de vida para participar en entrevistas y verificar si cumplen con los requisitos de las vacantes disponibles.<\/p>\n<p>Durante la actividad, los asistentes no solo tuvieron la oportunidad de postularse para un empleo, sino tambi\u00e9n de conocer las distintas opciones de formaci\u00f3n y capacitaci\u00f3n que Infop ofrece en modalidades presencial y en l\u00ednea.<\/p>\n<p>En el evento, el Infop present\u00f3 su oferta formativa en capacitaci\u00f3n y certificaciones.<\/p>\n<h3>NUEVAS CARRERAS<\/h3>\n<p>La instituci\u00f3n present\u00f3 sus nuevas carreras y programas de capacitaci\u00f3n, todos gratuitos, as\u00ed como los beneficios de obtener una certificaci\u00f3n profesional, herramienta clave para acceder a procesos de selecci\u00f3n y contrataci\u00f3n.<\/p>\n<p>Las certificaciones brindadas est\u00e1n dise\u00f1adas para avalar habilidades espec\u00edficas y fortalecer la competitividad de los postulantes en el mercado laboral.<\/p>\n<p>El director ejecutivo del Infop, Carlos Suazo, enfatiz\u00f3 la importancia de la certificaci\u00f3n en la inserci\u00f3n laboral.<\/p>\n<p>\u201cDe esta forma, logramos complementar nuestra misi\u00f3n de brindar a las personas la posibilidad de un empleo y, al mismo tiempo, la oportunidad de adquirir nuevas habilidades laborales o certificar las que ya poseen\u201d, afirm\u00f3 Suazo.<\/p>\n<p>Infop, como entidad rectora de la acreditaci\u00f3n y certificaci\u00f3n profesional en el pa\u00eds, refuerza as\u00ed su rol en la mejora de la empleabilidad de la mano de obra calificada, destac\u00f3.<\/p>\n<p>Con su hoja de vida en mano, numerosos aspirantes optaron a unos 2,000 puestos de trabajo disponibles.<\/p>\n<p><em><strong>DATOS<\/strong><\/em><br \/>\n<em>La Feria del Empleo en San Pedro Sula, seg\u00fan autoridades, marca otro paso en la misi\u00f3n del Infop, de conectar a los hondure\u00f1os con oportunidades laborales y ofrecerles las herramientas necesarias para un desempe\u00f1o competitivo en el \u00e1mbito profesional.<\/em><\/p>\n<p><em>Adem\u00e1s, la formaci\u00f3n t\u00e9cnica especializada y la certificaci\u00f3n que ofrece la instituci\u00f3n contribuyen a impulsar la competitividad y a promover la inserci\u00f3n laboral de los hondure\u00f1os, apoyando directamente los objetivos nacionales de generaci\u00f3n de empleo y desarrollo econ\u00f3mico.<\/em><\/p>\n<p>La feria recibi\u00f3 a cientos de interesados, a quienes se esper\u00f3 con sus hojas de vida para participar en entrevistas.<\/p>\n<p>Fuente: latribuna.hn<\/p>\n","protected":false},"excerpt":{"rendered":"<p>\u00a0 SAN PEDRO SULA, Cort\u00e9s. 09.11.2024 El Instituto Nacional de Formaci\u00f3n Profesional (Infop) fortaleci\u00f3 su compromiso de contribuir a la generaci\u00f3n de empleo en el pa\u00eds, al presentar su oferta formativa en la Feria de Empleo y Oportunidades. Este evento, organizado por la Divisi\u00f3n T\u00e9cnico Docente, a trav\u00e9s del Departamento de Orientaci\u00f3n en la Regional &hellip;<\/p>\n","protected":false},"author":0,"featured_media":81825,"comment_status":"open","ping_status":"open","sticky":false,"template":"","format":"standard","meta":{"_jetpack_memberships_contains_paid_content":false,"footnotes":""},"categories":[5],"tags":[],"class_list":["post-81824","post","type-post","status-publish","format-standard","has-post-thumbnail","","category-noticias"],"jetpack_sharing_enabled":true,"jetpack_featured_media_url":"https:\/\/mickyandoniehn.com\/radio\/wp-content\/uploads\/2024\/11\/EMPLEO-1-768x393-1-Cb6k8k.jpeg","_links":{"self":[{"href":"https:\/\/mickyandoniehn.com\/radio\/wp-json\/wp\/v2\/posts\/81824","targetHints":{"allow":["GET"]}}],"collection":[{"href":"https:\/\/mickyandoniehn.com\/radio\/wp-json\/wp\/v2\/posts"}],"about":[{"href":"https:\/\/mickyandoniehn.com\/radio\/wp-json\/wp\/v2\/types\/post"}],"replies":[{"embeddable":true,"href":"https:\/\/mickyandoniehn.com\/radio\/wp-json\/wp\/v2\/comments?post=81824"}],"version-history":[{"count":0,"href":"https:\/\/mickyandoniehn.com\/radio\/wp-json\/wp\/v2\/posts\/81824\/revisions"}],"wp:featuredmedia":[{"embeddable":true,"href":"https:\/\/mickyandoniehn.com\/radio\/wp-json\/wp\/v2\/media\/81825"}],"wp:attachment":[{"href":"https:\/\/mickyandoniehn.com\/radio\/wp-json\/wp\/v2\/media?parent=81824"}],"wp:term":[{"taxonomy":"category","embeddable":true,"href":"https:\/\/mickyandoniehn.com\/radio\/wp-json\/wp\/v2\/categories?post=81824"},{"taxonomy":"post_tag","embeddable":true,"href":"https:\/\/mickyandoniehn.com\/radio\/wp-json\/wp\/v2\/tags?post=81824"}],"curies":[{"name":"wp","href":"https:\/\/api.w.org\/{rel}","templated":true}]}}