{"id":81820,"date":"2024-11-09T09:12:50","date_gmt":"2024-11-09T15:12:50","guid":{"rendered":"http:\/\/mickyandoniehn.com\/radio\/2024\/11\/09\/muere-rachid-makhloufi-exfutbolista-y-simbolo-de-la-independencia-argentina\/"},"modified":"2024-11-09T09:12:50","modified_gmt":"2024-11-09T15:12:50","slug":"muere-rachid-makhloufi-exfutbolista-y-simbolo-de-la-independencia-argentina","status":"publish","type":"post","link":"https:\/\/mickyandoniehn.com\/radio\/2024\/11\/09\/muere-rachid-makhloufi-exfutbolista-y-simbolo-de-la-independencia-argentina\/","title":{"rendered":"Muere Rachid Makhloufi, exfutbolista y s\u00edmbolo de la independencia argentina"},"content":{"rendered":"<p>\u00a0<\/p>\n<\/p>\n<p><strong>09.11.2024<\/strong><\/p>\n<p>Rachid Makhloufi, una leyenda del f\u00fatbol argelino y s\u00edmbolo de la lucha por la independencia en su pa\u00eds, muri\u00f3 a los 88 a\u00f1os, anunci\u00f3 el presidente argelino, Abdelmadjid Tebboune.<\/p>\n<p>Makhloufi fue en su d\u00eda uno de los integrantes del equipo del Frente de Liberaci\u00f3n Nacional (FLN) durante la guerra de Argelia.<\/p>\n<p>Este exatacante, que visti\u00f3 los colores del Saint-Etienne franc\u00e9s en dos etapas (1954-1958 y 1962-1968), viv\u00eda actualmente entre Francia y T\u00fanez.<\/p>\n<p>Despu\u00e9s de comenzar su carrera en Argelia, fue en el Saint-Etienne donde tuvo sus mayores \u00e9xitos como jugador. Lleg\u00f3 a los \u2018Verts\u2019 con 21 a\u00f1os y fue campe\u00f3n de Francia all\u00ed en 1957.<\/p>\n<p>Lleg\u00f3 a vestir tambi\u00e9n cuatro veces la camiseta de la selecci\u00f3n francesa, pero en abril de 1958, en plena guerra de Argelia, abandon\u00f3 Francia junto a otros futbolistas argelinos para unirse al equipo del FLN, creado para promover la lucha por la independencia.<\/p>\n<p>El presidente Tebboune dijo haber recibido \u00abcon una enorme tristeza la noticia del legendario futbolista argelino Rachid Makhloufi, jugador del FLN, entrenador de la selecci\u00f3n nacional y expresidente de la Federaci\u00f3n Argelia de F\u00fatbol\u00bb.<\/p>\n<p>Fuente: latribuna.hn<\/p>\n","protected":false},"excerpt":{"rendered":"<p>\u00a0 09.11.2024 Rachid Makhloufi, una leyenda del f\u00fatbol argelino y s\u00edmbolo de la lucha por la independencia en su pa\u00eds, muri\u00f3 a los 88 a\u00f1os, anunci\u00f3 el presidente argelino, Abdelmadjid Tebboune. Makhloufi fue en su d\u00eda uno de los integrantes del equipo del Frente de Liberaci\u00f3n Nacional (FLN) durante la guerra de Argelia. Este exatacante, &hellip;<\/p>\n","protected":false},"author":0,"featured_media":81821,"comment_status":"open","ping_status":"open","sticky":false,"template":"","format":"standard","meta":{"_jetpack_memberships_contains_paid_content":false,"footnotes":""},"categories":[5],"tags":[],"class_list":["post-81820","post","type-post","status-publish","format-standard","has-post-thumbnail","","category-noticias"],"jetpack_sharing_enabled":true,"jetpack_featured_media_url":"https:\/\/mickyandoniehn.com\/radio\/wp-content\/uploads\/2024\/11\/Rachid-Makhloufi-Argentina-La-Tribuna-768x393-1-ark43t.jpeg","_links":{"self":[{"href":"https:\/\/mickyandoniehn.com\/radio\/wp-json\/wp\/v2\/posts\/81820","targetHints":{"allow":["GET"]}}],"collection":[{"href":"https:\/\/mickyandoniehn.com\/radio\/wp-json\/wp\/v2\/posts"}],"about":[{"href":"https:\/\/mickyandoniehn.com\/radio\/wp-json\/wp\/v2\/types\/post"}],"replies":[{"embeddable":true,"href":"https:\/\/mickyandoniehn.com\/radio\/wp-json\/wp\/v2\/comments?post=81820"}],"version-history":[{"count":0,"href":"https:\/\/mickyandoniehn.com\/radio\/wp-json\/wp\/v2\/posts\/81820\/revisions"}],"wp:featuredmedia":[{"embeddable":true,"href":"https:\/\/mickyandoniehn.com\/radio\/wp-json\/wp\/v2\/media\/81821"}],"wp:attachment":[{"href":"https:\/\/mickyandoniehn.com\/radio\/wp-json\/wp\/v2\/media?parent=81820"}],"wp:term":[{"taxonomy":"category","embeddable":true,"href":"https:\/\/mickyandoniehn.com\/radio\/wp-json\/wp\/v2\/categories?post=81820"},{"taxonomy":"post_tag","embeddable":true,"href":"https:\/\/mickyandoniehn.com\/radio\/wp-json\/wp\/v2\/tags?post=81820"}],"curies":[{"name":"wp","href":"https:\/\/api.w.org\/{rel}","templated":true}]}}