{"id":81724,"date":"2024-11-08T10:13:42","date_gmt":"2024-11-08T16:13:42","guid":{"rendered":"http:\/\/mickyandoniehn.com\/radio\/2024\/11\/08\/un-tour-por-la-catedral-de-san-pedro-sula-que-hay-dentro-de-ella\/"},"modified":"2024-11-08T10:13:42","modified_gmt":"2024-11-08T16:13:42","slug":"un-tour-por-la-catedral-de-san-pedro-sula-que-hay-dentro-de-ella","status":"publish","type":"post","link":"https:\/\/mickyandoniehn.com\/radio\/2024\/11\/08\/un-tour-por-la-catedral-de-san-pedro-sula-que-hay-dentro-de-ella\/","title":{"rendered":"Un tour por la catedral de San Pedro Sula, \u00bfQu\u00e9 hay dentro de ella?"},"content":{"rendered":"<\/p>\n<p><strong>08.11.24<\/strong><\/p>\n<p><strong>San Pedro Sula.<\/strong>\u00a0La Catedral Metropolitana San Pedro Ap\u00f3stol, mejor conocida como la Catedral de San Pedro Sula, es uno de los \u00edconos arquitect\u00f3nicos y espirituales m\u00e1s emblem\u00e1ticos de la ciudad.<\/p>\n<p>Esta imponente iglesia, cuya construcci\u00f3n se extendi\u00f3 entre 1949 y 1970, no solo se destaca por su arquitectura cl\u00e1sica, sino tambi\u00e9n por el sonido de su hist\u00f3rica campana, que contin\u00faa marcando el ritmo de la vida cotidiana de los sampedranos.<\/p>\n<p>\u00a0<\/p>\n<p>Foto: Hugo Diaz, Diario El Pa\u00eds<\/p>\n<h3><strong>Historia y construcci\u00f3n<\/strong><\/h3>\n<p>El proyecto para erigir la catedral comenz\u00f3 en 1949, y su culminaci\u00f3n en 1970 dio a la ciudad uno de sus monumentos m\u00e1s representativos.<\/p>\n<p>La catedral se encuentra ubicada en pleno centro de San Pedro Sula, convirti\u00e9ndose en un punto de referencia tanto para los residentes como para los turistas.<\/p>\n<p>Su estilo arquitect\u00f3nico refleja un dise\u00f1o tradicional, con vitrales y detalles que evocan un profundo sentido de reverencia y espiritualidad.<\/p>\n<p>Foto: Hugo Diaz, Diario El Pa\u00eds<\/p>\n<h3><strong>Ritmo de misas y ceremonias<\/strong><\/h3>\n<p>La Catedral Metropolitana San Pedro Ap\u00f3stol ofrece un espacio para la reflexi\u00f3n y la fe con misas que se celebran de lunes a s\u00e1bado, desde las 6:00 de la ma\u00f1ana hasta las 7:00 de la noche, y los domingos desde las 5:00 de la ma\u00f1ana hasta las 7:00 de la noche.<\/p>\n<p>Esta programaci\u00f3n continua permite que tanto fieles locales como visitantes puedan participar en los servicios religiosos a lo largo de la semana.<\/p>\n<p>Foto: Hugo Diaz, Diario El Pa\u00eds<\/p>\n<h3><strong>Un punto de encuentro para miles de fieles<\/strong><\/h3>\n<p>Seg\u00fan Jos\u00e9 Ochoa, coordinador de la Pastoral de Medios de Comunicaci\u00f3n de la iglesia, la catedral recibe a aproximadamente 150 mil personas al a\u00f1o.<\/p>\n<p>Este n\u00famero incluye tanto a los sampedranos como a los extranjeros que asisten a las misas, especialmente los domingos, cuando la afluencia es mayor.<\/p>\n<p>Esta cifra resalta la importancia de la catedral como un centro de fe y comunidad para la ciudad.<\/p>\n<div class=\"td-gallery td-slide-on-2-columns\">\n<div class=\"post_td_gallery\">\n<div class=\"td-gallery-slide-top\">\n<div class=\"td-gallery-title\"><\/div>\n<div class=\"td-gallery-controls-wrapper\">\n<div class=\"td-gallery-slide-count\"><span class=\"td-gallery-slide-item-focus\">1<\/span>\u00a0de 5<\/div>\n<div class=\"td-gallery-slide-prev-next-but\">\u00a0<\/div>\n<\/div>\n<\/div>\n<div class=\"td-doubleSlider-1 \">\n<div class=\"td-slider\">\n<div class=\"td-slide-item td-item1\">\n<a class=\"slide-gallery-image-link\" title=\"Catedral de San Pedro Sula\" href=\"https:\/\/i0.wp.com\/d26m4ikkajfmz.cloudfront.net\/wp-content\/uploads\/2024\/11\/WhatsApp-Image-2024-11-07-at-7.30.18-PM-1.jpeg?ssl=1\"><\/a>\n<\/div>\n<div class=\"td-slide-item td-item2\">\n<a class=\"slide-gallery-image-link\" title=\"Catedral de San Pedro Sula\" href=\"https:\/\/i0.wp.com\/d26m4ikkajfmz.cloudfront.net\/wp-content\/uploads\/2024\/11\/WhatsApp-Image-2024-11-07-at-7.30.19-PM-2-1.jpeg?ssl=1\"><\/a><\/p>\n<div class=\"td-gallery-slide-copywrite\"><\/div>\n<\/div>\n<div class=\"td-slide-item td-item3\">\n<a class=\"slide-gallery-image-link\" title=\"Catedral de San Pedro Sula\" href=\"https:\/\/i1.wp.com\/d26m4ikkajfmz.cloudfront.net\/wp-content\/uploads\/2024\/11\/WhatsApp-Image-2024-11-07-at-7.30.19-PM-3-1.jpeg?ssl=1\"><\/a><\/p>\n<div class=\"td-gallery-slide-copywrite\"><\/div>\n<\/div>\n<div class=\"td-slide-item td-item4\">\n<a class=\"slide-gallery-image-link\" title=\"Catedral de San Pedro Sula\" href=\"https:\/\/i2.wp.com\/d26m4ikkajfmz.cloudfront.net\/wp-content\/uploads\/2024\/11\/WhatsApp-Image-2024-11-07-at-7.30.19-PM-1-1.jpeg?ssl=1\"><\/a><\/p>\n<div class=\"td-gallery-slide-copywrite\"><\/div>\n<\/div>\n<div class=\"td-slide-item td-item5\">\n<a class=\"slide-gallery-image-link\" title=\"Catedral de San Pedro Sula\" href=\"https:\/\/i0.wp.com\/d26m4ikkajfmz.cloudfront.net\/wp-content\/uploads\/2024\/11\/WhatsApp-Image-2024-11-07-at-7.30.19-PM-3.jpeg?ssl=1\"><\/a><\/p>\n<div class=\"td-gallery-slide-copywrite\"><\/div>\n<\/div>\n<\/div>\n<\/div>\n<div class=\"td-doubleSlider-2 td_center_slide2\">\n<div class=\"td-slider\">\n<div class=\"td-button td-item2\">\n<div class=\"td-border\"><\/div>\n<\/div>\n<\/div>\n<\/div>\n<\/div>\n<\/div>\n<h3><strong>La campana, un legado que perdura<\/strong><\/h3>\n<p>Una de las caracter\u00edsticas m\u00e1s entra\u00f1ables de la catedral es su campana, que desde su instalaci\u00f3n ha acompa\u00f1ado el d\u00eda a d\u00eda de los sampedranos, anunciando la hora y convocando a los fieles a las ceremonias religiosas.<\/p>\n<p>Su sonido, distintivo y familiar, ha llegado a simbolizar la continuidad de la tradici\u00f3n y la fe en San Pedro Sula.<\/p>\n<p>Foto: Hugo Diaz, Diario El Pa\u00eds<\/p>\n<h3><strong>Un espacio de historia, fe y cultura<\/strong><\/h3>\n<p>M\u00e1s all\u00e1 de ser un lugar de culto, la\u00a0<strong><a href=\"https:\/\/www.facebook.com\/CatedralMetropolitanaSanPedroApostolSPS\/?locale=es_LA\">Catedral<\/a><\/strong>\u00a0de San Pedro Sula es un espacio de encuentro cultural y espiritual que ha visto pasar generaciones de sampedranos.<\/p>\n<p>Adem\u00e1s de las misas, el templo acoge eventos comunitarios, bodas, bautizos y otras celebraciones religiosas que forman parte del tejido social de la ciudad.<\/p>\n<p>Catedral de San Pedro Sula. Foto: Hugo Diaz, Diario El Pa\u00eds<\/p>\n<p><strong>Lea tambi\u00e9n:\u00a0<a href=\"https:\/\/www.elpais.hn\/un-recorrido-historico-por-las-monedas-de-honduras-en-sps\/\">Un recorrido hist\u00f3rico por las monedas de Honduras en SPS<\/a><\/strong><\/p>\n<p>Para quienes visitan San Pedro Sula, la catedral es un destino obligado que no solo permite un momento de introspecci\u00f3n, sino tambi\u00e9n una oportunidad para admirar una joya arquitect\u00f3nica que ha resistido el paso del tiempo.<\/p>\n<p>Misma que se mantiene como un pilar de la comunidad y un testimonio vivo de la fe cat\u00f3lica en la regi\u00f3n.<\/p>\n<p>La Catedral Metropolitana San Pedro Ap\u00f3stol es, sin duda, un orgullo para San Pedro Sula, consolid\u00e1ndose como un s\u00edmbolo de la devoci\u00f3n y la identidad de sus habitantes.<\/p>\n<p>Fuente: Diario El Pa\u00eds.<\/p>\n","protected":false},"excerpt":{"rendered":"<p>08.11.24 San Pedro Sula.\u00a0La Catedral Metropolitana San Pedro Ap\u00f3stol, mejor conocida como la Catedral de San Pedro Sula, es uno de los \u00edconos arquitect\u00f3nicos y espirituales m\u00e1s emblem\u00e1ticos de la ciudad. Esta imponente iglesia, cuya construcci\u00f3n se extendi\u00f3 entre 1949 y 1970, no solo se destaca por su arquitectura cl\u00e1sica, sino tambi\u00e9n por el sonido &hellip;<\/p>\n","protected":false},"author":0,"featured_media":81725,"comment_status":"open","ping_status":"open","sticky":false,"template":"","format":"standard","meta":{"_jetpack_memberships_contains_paid_content":false,"footnotes":""},"categories":[5],"tags":[],"class_list":["post-81724","post","type-post","status-publish","format-standard","has-post-thumbnail","","category-noticias"],"jetpack_sharing_enabled":true,"jetpack_featured_media_url":"https:\/\/mickyandoniehn.com\/radio\/wp-content\/uploads\/2024\/11\/WhatsApp-Image-2024-10-22-at-7.17.45-PM-2-696x461-1-WUFgr8.jpeg","_links":{"self":[{"href":"https:\/\/mickyandoniehn.com\/radio\/wp-json\/wp\/v2\/posts\/81724","targetHints":{"allow":["GET"]}}],"collection":[{"href":"https:\/\/mickyandoniehn.com\/radio\/wp-json\/wp\/v2\/posts"}],"about":[{"href":"https:\/\/mickyandoniehn.com\/radio\/wp-json\/wp\/v2\/types\/post"}],"replies":[{"embeddable":true,"href":"https:\/\/mickyandoniehn.com\/radio\/wp-json\/wp\/v2\/comments?post=81724"}],"version-history":[{"count":0,"href":"https:\/\/mickyandoniehn.com\/radio\/wp-json\/wp\/v2\/posts\/81724\/revisions"}],"wp:featuredmedia":[{"embeddable":true,"href":"https:\/\/mickyandoniehn.com\/radio\/wp-json\/wp\/v2\/media\/81725"}],"wp:attachment":[{"href":"https:\/\/mickyandoniehn.com\/radio\/wp-json\/wp\/v2\/media?parent=81724"}],"wp:term":[{"taxonomy":"category","embeddable":true,"href":"https:\/\/mickyandoniehn.com\/radio\/wp-json\/wp\/v2\/categories?post=81724"},{"taxonomy":"post_tag","embeddable":true,"href":"https:\/\/mickyandoniehn.com\/radio\/wp-json\/wp\/v2\/tags?post=81724"}],"curies":[{"name":"wp","href":"https:\/\/api.w.org\/{rel}","templated":true}]}}