{"id":81641,"date":"2024-11-07T11:12:48","date_gmt":"2024-11-07T17:12:48","guid":{"rendered":"http:\/\/mickyandoniehn.com\/radio\/2024\/11\/07\/impulsan-acciones-de-prevencion-de-desastres-climaticos-y-ambientales\/"},"modified":"2024-11-07T11:12:48","modified_gmt":"2024-11-07T17:12:48","slug":"impulsan-acciones-de-prevencion-de-desastres-climaticos-y-ambientales","status":"publish","type":"post","link":"https:\/\/mickyandoniehn.com\/radio\/2024\/11\/07\/impulsan-acciones-de-prevencion-de-desastres-climaticos-y-ambientales\/","title":{"rendered":"Impulsan acciones de prevenci\u00f3n de desastres clim\u00e1ticos y ambientales"},"content":{"rendered":"<p>07.11.2024<\/p>\n<\/p>\n<p>El Programa de las Naciones Unidas para el Desarrollo (PNUD) puso en marcha una estrategia integral para fortalecer las capacidades de anticipaci\u00f3n y prevenci\u00f3n ante desastres en el Valle de Sula.<\/p>\n<p>La iniciativa, financiada por el PNUD, responde a la alta vulnerabilidad de esta regi\u00f3n frente a fen\u00f3menos clim\u00e1ticos extremos y tiene como objetivo reducir el impacto de los huracanes en las comunidades, el sector privado y las instituciones locales.<\/p>\n<p>La finalidad es proporcionar a los actores locales herramientas y conocimientos pr\u00e1cticos para enfrentar los desaf\u00edos que trae cada temporada de huracanes.<\/p>\n<p>Esa estrategia integral refleja el compromiso de la organizaci\u00f3n con el desarrollo sostenible de Honduras, trabajando mano a mano con las comunidades, el sector p\u00fablico y privado, y asegurando un enfoque inclusivo que responda a las necesidades de los m\u00e1s vulnerables.<\/p>\n<p>\u201cBuscamos fortalecer las acciones de anticipaci\u00f3n y prevenci\u00f3n mediante una serie de actividades claves, que incluyen el desarrollo de capacidades en todos los sectores involucrados. Para cumplir este objetivo, estamos llevando a cabo cuatro talleres que, adem\u00e1s de la capacitaci\u00f3n espec\u00edfica, incluyen una estrategia de comunicaci\u00f3n sobre riesgos e inundaciones para mejorar la comprensi\u00f3n y respuesta ante emergencias\u201d dijo Astrid Mej\u00eda, especialista de programas de desarrollo sostenible del PNUD.<\/p>\n<p>Las jornadas est\u00e1n siendo impartidas por expertos internacionales del PNUD en gesti\u00f3n del riesgo, cambio clim\u00e1tico e informaci\u00f3n p\u00fablica y en capacidades comunitarias del riesgo.<\/p>\n<p>Por su parte, en la comunidad de Choloma se dict\u00f3 una jornada de preparaci\u00f3n ante huracanes a l\u00edderes comunitarios y Comit\u00e9s de Emergencias Locales (CODELES), en los que se compartieron experiencias y aprendizajes en la preparaci\u00f3n ante desastres, fortaleciendo las capacidades locales para enfrentar futuros eventos clim\u00e1ticos.<\/p>\n<p>Tambi\u00e9n, para fortalecer las capacidades de trabajo, a los municipios de Villanueva y Potrerillos, se les hizo entrega de equipos tecnol\u00f3gicos, que incluye drones y computadoras. Lo cual cont\u00f3 con el apoyo financiero de la Uni\u00f3n Europea<\/p>\n<p>Para el caso de la municipalidad de Villanueva adem\u00e1s se le entreg\u00f3 un alojamiento temporal, tipo carpa militar. Adem\u00e1s, los CODEM del Valle de Sula recibieron el taller de preparaci\u00f3n con el objetivo de mejorar sus capacidades para evaluar da\u00f1os, necesidades y la inclusi\u00f3n de una perspectiva de g\u00e9nero.<\/p>\n<p>Por otro lado, en colaboraci\u00f3n con el sector privado, y con la presencia de m\u00e1s de 25 empresas, se ofreci\u00f3 el taller de preparaci\u00f3n ante huracanes para empresas privadas en donde se promovieron buenas pr\u00e1cticas empresariales en la gesti\u00f3n del riesgo y la importancia de fortalecer la coordinaci\u00f3n p\u00fablico-privada en la preparaci\u00f3n y respuesta ante emergencias.<\/p>\n<p>Fuente: La Tribuna<\/p>\n","protected":false},"excerpt":{"rendered":"<p>07.11.2024 El Programa de las Naciones Unidas para el Desarrollo (PNUD) puso en marcha una estrategia integral para fortalecer las capacidades de anticipaci\u00f3n y prevenci\u00f3n ante desastres en el Valle de Sula. La iniciativa, financiada por el PNUD, responde a la alta vulnerabilidad de esta regi\u00f3n frente a fen\u00f3menos clim\u00e1ticos extremos y tiene como objetivo &hellip;<\/p>\n","protected":false},"author":0,"featured_media":81642,"comment_status":"open","ping_status":"open","sticky":false,"template":"","format":"standard","meta":{"_jetpack_memberships_contains_paid_content":false,"footnotes":""},"categories":[5],"tags":[],"class_list":["post-81641","post","type-post","status-publish","format-standard","has-post-thumbnail","","category-noticias"],"jetpack_sharing_enabled":true,"jetpack_featured_media_url":"https:\/\/mickyandoniehn.com\/radio\/wp-content\/uploads\/2024\/11\/Capacitaciones-PNUD-W2Exf5.jpeg","_links":{"self":[{"href":"https:\/\/mickyandoniehn.com\/radio\/wp-json\/wp\/v2\/posts\/81641","targetHints":{"allow":["GET"]}}],"collection":[{"href":"https:\/\/mickyandoniehn.com\/radio\/wp-json\/wp\/v2\/posts"}],"about":[{"href":"https:\/\/mickyandoniehn.com\/radio\/wp-json\/wp\/v2\/types\/post"}],"replies":[{"embeddable":true,"href":"https:\/\/mickyandoniehn.com\/radio\/wp-json\/wp\/v2\/comments?post=81641"}],"version-history":[{"count":0,"href":"https:\/\/mickyandoniehn.com\/radio\/wp-json\/wp\/v2\/posts\/81641\/revisions"}],"wp:featuredmedia":[{"embeddable":true,"href":"https:\/\/mickyandoniehn.com\/radio\/wp-json\/wp\/v2\/media\/81642"}],"wp:attachment":[{"href":"https:\/\/mickyandoniehn.com\/radio\/wp-json\/wp\/v2\/media?parent=81641"}],"wp:term":[{"taxonomy":"category","embeddable":true,"href":"https:\/\/mickyandoniehn.com\/radio\/wp-json\/wp\/v2\/categories?post=81641"},{"taxonomy":"post_tag","embeddable":true,"href":"https:\/\/mickyandoniehn.com\/radio\/wp-json\/wp\/v2\/tags?post=81641"}],"curies":[{"name":"wp","href":"https:\/\/api.w.org\/{rel}","templated":true}]}}