{"id":81635,"date":"2024-11-07T11:12:42","date_gmt":"2024-11-07T17:12:42","guid":{"rendered":"http:\/\/mickyandoniehn.com\/radio\/2024\/11\/07\/codem-activa-sistema-de-alerta-temprana-en-la-capital-por-huracan-rafael\/"},"modified":"2024-11-07T11:12:42","modified_gmt":"2024-11-07T17:12:42","slug":"codem-activa-sistema-de-alerta-temprana-en-la-capital-por-huracan-rafael","status":"publish","type":"post","link":"https:\/\/mickyandoniehn.com\/radio\/2024\/11\/07\/codem-activa-sistema-de-alerta-temprana-en-la-capital-por-huracan-rafael\/","title":{"rendered":"Codem activa Sistema de Alerta Temprana en la capital por hurac\u00e1n Rafael"},"content":{"rendered":"<p>07.11.2024<\/p>\n<\/p>\n<p>El subgerente del Comit\u00e9 de Emergencia Municipal (CODEM), Carlos Bonilla, anunci\u00f3 la activaci\u00f3n del Sistema de Alerta Temprana en el Distrito Central de Honduras ante el avance del hurac\u00e1n Rafael.<\/p>\n<p>Aunque se descarta un impacto directo en el pa\u00eds, esta medida preventiva busca fortalecer la vigilancia y el monitoreo en las zonas vulnerables de la capital<\/p>\n<p>El Centro Nacional de Huracanes de EE.UU. (NHC) inform\u00f3 que el hurac\u00e1n Rafael se desplazaba hacia el noroeste en direcci\u00f3n al extremo occidental de Cuba, incluyendo La Habana, con vientos de 121 km\/h.<\/p>\n<p>Ante la posibilidad de que el hurac\u00e1n provoque lluvias en la regi\u00f3n centroamericana, CODEM ha reforzado sus acciones de monitoreo.<\/p>\n<p>La temporada de huracanes en el Atl\u00e1ntico, que va desde el 1 de junio hasta el 30 de noviembre, sigue siendo una etapa activa.<\/p>\n<p>Bonilla inst\u00f3 a la poblaci\u00f3n a mantenerse informada y tranquila, enfatizando que el impacto directo es improbable, pero podr\u00edan presentarse lluvias como remanentes del fen\u00f3meno.<\/p>\n<p>Fuente: La Tribuna<\/p>\n","protected":false},"excerpt":{"rendered":"<p>07.11.2024 El subgerente del Comit\u00e9 de Emergencia Municipal (CODEM), Carlos Bonilla, anunci\u00f3 la activaci\u00f3n del Sistema de Alerta Temprana en el Distrito Central de Honduras ante el avance del hurac\u00e1n Rafael. Aunque se descarta un impacto directo en el pa\u00eds, esta medida preventiva busca fortalecer la vigilancia y el monitoreo en las zonas vulnerables de &hellip;<\/p>\n","protected":false},"author":0,"featured_media":81636,"comment_status":"open","ping_status":"open","sticky":false,"template":"","format":"standard","meta":{"_jetpack_memberships_contains_paid_content":false,"footnotes":""},"categories":[5],"tags":[],"class_list":["post-81635","post","type-post","status-publish","format-standard","has-post-thumbnail","","category-noticias"],"jetpack_sharing_enabled":true,"jetpack_featured_media_url":"https:\/\/mickyandoniehn.com\/radio\/wp-content\/uploads\/2024\/11\/tegucigalpa-latribuna-r1TeTh.jpeg","_links":{"self":[{"href":"https:\/\/mickyandoniehn.com\/radio\/wp-json\/wp\/v2\/posts\/81635","targetHints":{"allow":["GET"]}}],"collection":[{"href":"https:\/\/mickyandoniehn.com\/radio\/wp-json\/wp\/v2\/posts"}],"about":[{"href":"https:\/\/mickyandoniehn.com\/radio\/wp-json\/wp\/v2\/types\/post"}],"replies":[{"embeddable":true,"href":"https:\/\/mickyandoniehn.com\/radio\/wp-json\/wp\/v2\/comments?post=81635"}],"version-history":[{"count":0,"href":"https:\/\/mickyandoniehn.com\/radio\/wp-json\/wp\/v2\/posts\/81635\/revisions"}],"wp:featuredmedia":[{"embeddable":true,"href":"https:\/\/mickyandoniehn.com\/radio\/wp-json\/wp\/v2\/media\/81636"}],"wp:attachment":[{"href":"https:\/\/mickyandoniehn.com\/radio\/wp-json\/wp\/v2\/media?parent=81635"}],"wp:term":[{"taxonomy":"category","embeddable":true,"href":"https:\/\/mickyandoniehn.com\/radio\/wp-json\/wp\/v2\/categories?post=81635"},{"taxonomy":"post_tag","embeddable":true,"href":"https:\/\/mickyandoniehn.com\/radio\/wp-json\/wp\/v2\/tags?post=81635"}],"curies":[{"name":"wp","href":"https:\/\/api.w.org\/{rel}","templated":true}]}}