{"id":81471,"date":"2024-11-06T16:13:04","date_gmt":"2024-11-06T22:13:04","guid":{"rendered":"http:\/\/mickyandoniehn.com\/radio\/2024\/11\/06\/cuerpo-de-liam-payne-ya-esta-viajando-de-regreso-a-inglaterra\/"},"modified":"2024-11-06T16:13:04","modified_gmt":"2024-11-06T22:13:04","slug":"cuerpo-de-liam-payne-ya-esta-viajando-de-regreso-a-inglaterra","status":"publish","type":"post","link":"https:\/\/mickyandoniehn.com\/radio\/2024\/11\/06\/cuerpo-de-liam-payne-ya-esta-viajando-de-regreso-a-inglaterra\/","title":{"rendered":"Cuerpo de Liam Payne ya est\u00e1 viajando de regreso a Inglaterra"},"content":{"rendered":"<\/p>\n<p>06.11.2024<\/p>\n<div class=\"paragraph\">\n<p class=\"p-n1\">Buenos Aires, Argentina.-\u00a0Despu\u00e9s de casi tres semanas de gestiones en Buenos Aires, el\u00a0cuerpo\u00a0del exintegrante de\u00a0One Direction,\u00a0Liam Payne, fue\u00a0trasladado\u00a0a su pa\u00eds natal,\u00a0Inglaterra.<\/p>\n<div class=\"babel_player_block\">\n<div class=\"text-center\">\n<div>Su padre, Geoff Payne\u00a0\u2014quien lleg\u00f3 al pa\u00eds sudamericano dos d\u00edas despu\u00e9s de que Payne falleciera en un hotel de Palermo, el pasado 16 de octubre\u2014 acompa\u00f1\u00f3 el traslado de los restos del int\u00e9rprete luego de completar los tr\u00e1mites de repatriaci\u00f3n.<\/div>\n<\/div>\n<\/div>\n<p class=\"p-n3\">El vuelo de British Airways que transport\u00f3 los restos de Payne despeg\u00f3 desde el Aeroparque Jorge Newbery a la 1:30 de la tarde, seg\u00fan report\u00f3 Teleshow.<\/p>\n<p class=\"p-n4\">Previo al viaje, el cuerpo fue embalsamado en el Cementerio Brit\u00e1nico de Buenos Aires y llevado en la madrugada del mi\u00e9rcoles al \u00e1rea de carga del aeropuerto.<\/p>\n<p class=\"p-n5\">Alrededor de las 11 de la ma\u00f1ana, Geoff lleg\u00f3 al Aeroparque para realizar los tr\u00e1mites migratorios, en todo momento escoltado por personal de seguridad.<\/p>\n<p class=\"p-n5\">Finalizados los procesos, esper\u00f3 el vuelo en una sala privada, mientras el ata\u00fad de Payne, protegido en una caja negra y envuelto en pl\u00e1stico para evitar da\u00f1os durante el trayecto, pasaba por los controles aduaneros de rigor antes de ser cargado en el avi\u00f3n.<\/p>\n<\/div>\n<h2 class=\"intertitle\">Muerte de Payne<\/h2>\n<div class=\"paragraph\">\n<p class=\"p-n7\">El int\u00e9rprete de Teardrops cay\u00f3 desde el balc\u00f3n de la habitaci\u00f3n en la que se alojaba del hotel Casa Sur, en el barrio capitalino de Palermo, a las 17:07 (GMT 20:07) del 16 de octubre y falleci\u00f3 en el acto.<\/p>\n<p class=\"p-n8\">El informe preliminar de la autopsia concluy\u00f3 que la causa de muerte fue \u201cpolitraumatismo y hemorragia interna y externa\u201d.<\/p>\n<div class=\"paragraph\">\n<p class=\"p-n9\">La fiscal\u00eda presum\u00eda que \u201cel m\u00fasico se encontraba a solas cuando ocurri\u00f3 la ca\u00edda y atravesando alg\u00fan tipo de brote producto del abuso de sustancias\u201d.<\/p>\n<p class=\"p-n10\">Tambi\u00e9n inform\u00f3 de que se encontraron en la habitaci\u00f3n sustancias que acreditar\u00edan \u201cuna situaci\u00f3n previa de consumo de alcohol y estupefacientes\u201d.<\/p>\n<\/div>\n<h2 class=\"intertitle\">Un \u00faltimo adi\u00f3s<\/h2>\n<div class=\"paragraph\">\n<p class=\"p-n11\">La familia de Payne est\u00e1 a pocas horas de darle el \u00faltimo adi\u00f3s a Payne, quien, con su muerte los dej\u00f3 completamente \u201cdesconsolados\u201d.<\/p>\n<p class=\"p-n12\">\u201cEstamos desconsolados. Liam vivir\u00e1 para siempre en nuestros corazones y lo recordaremos por su alma amable, divertida y valiente\u201d, afirmaron.<\/p>\n<p>El Heraldo<\/p>\n<\/div>\n<\/div>\n","protected":false},"excerpt":{"rendered":"<p>06.11.2024 Buenos Aires, Argentina.-\u00a0Despu\u00e9s de casi tres semanas de gestiones en Buenos Aires, el\u00a0cuerpo\u00a0del exintegrante de\u00a0One Direction,\u00a0Liam Payne, fue\u00a0trasladado\u00a0a su pa\u00eds natal,\u00a0Inglaterra. Su padre, Geoff Payne\u00a0\u2014quien lleg\u00f3 al pa\u00eds sudamericano dos d\u00edas despu\u00e9s de que Payne falleciera en un hotel de Palermo, el pasado 16 de octubre\u2014 acompa\u00f1\u00f3 el traslado de los restos del int\u00e9rprete &hellip;<\/p>\n","protected":false},"author":0,"featured_media":81472,"comment_status":"open","ping_status":"open","sticky":false,"template":"","format":"standard","meta":{"_jetpack_memberships_contains_paid_content":false,"footnotes":""},"categories":[5],"tags":[],"class_list":["post-81471","post","type-post","status-publish","format-standard","has-post-thumbnail","","category-noticias"],"jetpack_sharing_enabled":true,"jetpack_featured_media_url":"https:\/\/mickyandoniehn.com\/radio\/wp-content\/uploads\/2024\/11\/liam-payne-4_8978576_20241106143758-zEVoBV.jpeg","_links":{"self":[{"href":"https:\/\/mickyandoniehn.com\/radio\/wp-json\/wp\/v2\/posts\/81471","targetHints":{"allow":["GET"]}}],"collection":[{"href":"https:\/\/mickyandoniehn.com\/radio\/wp-json\/wp\/v2\/posts"}],"about":[{"href":"https:\/\/mickyandoniehn.com\/radio\/wp-json\/wp\/v2\/types\/post"}],"replies":[{"embeddable":true,"href":"https:\/\/mickyandoniehn.com\/radio\/wp-json\/wp\/v2\/comments?post=81471"}],"version-history":[{"count":0,"href":"https:\/\/mickyandoniehn.com\/radio\/wp-json\/wp\/v2\/posts\/81471\/revisions"}],"wp:featuredmedia":[{"embeddable":true,"href":"https:\/\/mickyandoniehn.com\/radio\/wp-json\/wp\/v2\/media\/81472"}],"wp:attachment":[{"href":"https:\/\/mickyandoniehn.com\/radio\/wp-json\/wp\/v2\/media?parent=81471"}],"wp:term":[{"taxonomy":"category","embeddable":true,"href":"https:\/\/mickyandoniehn.com\/radio\/wp-json\/wp\/v2\/categories?post=81471"},{"taxonomy":"post_tag","embeddable":true,"href":"https:\/\/mickyandoniehn.com\/radio\/wp-json\/wp\/v2\/tags?post=81471"}],"curies":[{"name":"wp","href":"https:\/\/api.w.org\/{rel}","templated":true}]}}