{"id":81467,"date":"2024-11-06T15:13:23","date_gmt":"2024-11-06T21:13:23","guid":{"rendered":"http:\/\/mickyandoniehn.com\/radio\/2024\/11\/06\/alerta-verde-por-48-horas-en-fm-olancho-el-paraiso-choluteca-y-valle\/"},"modified":"2024-11-06T15:13:23","modified_gmt":"2024-11-06T21:13:23","slug":"alerta-verde-por-48-horas-en-fm-olancho-el-paraiso-choluteca-y-valle","status":"publish","type":"post","link":"https:\/\/mickyandoniehn.com\/radio\/2024\/11\/06\/alerta-verde-por-48-horas-en-fm-olancho-el-paraiso-choluteca-y-valle\/","title":{"rendered":"Alerta Verde por 48 horas en FM, Olancho, El Para\u00edso, Choluteca y Valle"},"content":{"rendered":"<\/p>\n<p>06.11.2024<\/p>\n<p><strong>Tegucigalpa<\/strong>\u00a0\u2013 La Secretar\u00eda de Gesti\u00f3n de Riesgos y Contingencias Nacionales (Copeco) declar\u00f3 Alerta Verde por un plazo de 48 horas en los departamentos de Francisco Moraz\u00e1n, Olancho, El Para\u00edso, Choluteca y Valle.<\/p>\n<p>Seg\u00fan el Centro Nacional de Estudios Atmosf\u00e9ricos, Oceanogr\u00e1ficos y S\u00edsmicos (Cenaos), el acercamiento de la Zona Intertropical de Convergencia a la costa Pac\u00edfica generar\u00e1 lluvias y chubascos de d\u00e9biles a moderados con actividad el\u00e9ctrica aislada en las regiones del sur, oriente, centro y suroccidente del pa\u00eds.<\/p>\n<p>Mientras que en el resto del territorio hondure\u00f1o se registrar\u00e1n precipitaciones d\u00e9biles.<\/p>\n<p>Exhort\u00f3 a las autoridades municipales y locales que mantengan una constante observaci\u00f3n ante cualquier amenaza, especialmente en los sectores vulnerables.<\/p>\n<p>Copeco recomend\u00f3 a las personas que evacuen a lugares seguros si residen en las orillas de r\u00edos y zonas vulnerables a deslizamientos, derrumbes, deslaves, hundimientos, inundaciones y otros tipo de amenazas.<\/p>\n<p>Tambi\u00e9n solicit\u00f3 que no crucen r\u00edos, quebradas, vados y riachuelos crecidos producto de las lluvias.<\/p>\n<p>Proceso.hn<\/p>\n","protected":false},"excerpt":{"rendered":"<p>06.11.2024 Tegucigalpa\u00a0\u2013 La Secretar\u00eda de Gesti\u00f3n de Riesgos y Contingencias Nacionales (Copeco) declar\u00f3 Alerta Verde por un plazo de 48 horas en los departamentos de Francisco Moraz\u00e1n, Olancho, El Para\u00edso, Choluteca y Valle. Seg\u00fan el Centro Nacional de Estudios Atmosf\u00e9ricos, Oceanogr\u00e1ficos y S\u00edsmicos (Cenaos), el acercamiento de la Zona Intertropical de Convergencia a la costa &hellip;<\/p>\n","protected":false},"author":0,"featured_media":81468,"comment_status":"open","ping_status":"open","sticky":false,"template":"","format":"standard","meta":{"_jetpack_memberships_contains_paid_content":false,"footnotes":""},"categories":[5],"tags":[],"class_list":["post-81467","post","type-post","status-publish","format-standard","has-post-thumbnail","","category-noticias"],"jetpack_sharing_enabled":true,"jetpack_featured_media_url":"https:\/\/mickyandoniehn.com\/radio\/wp-content\/uploads\/2024\/11\/Alerta-Verde-696x390-1-Ynfg6A.jpeg","_links":{"self":[{"href":"https:\/\/mickyandoniehn.com\/radio\/wp-json\/wp\/v2\/posts\/81467","targetHints":{"allow":["GET"]}}],"collection":[{"href":"https:\/\/mickyandoniehn.com\/radio\/wp-json\/wp\/v2\/posts"}],"about":[{"href":"https:\/\/mickyandoniehn.com\/radio\/wp-json\/wp\/v2\/types\/post"}],"replies":[{"embeddable":true,"href":"https:\/\/mickyandoniehn.com\/radio\/wp-json\/wp\/v2\/comments?post=81467"}],"version-history":[{"count":0,"href":"https:\/\/mickyandoniehn.com\/radio\/wp-json\/wp\/v2\/posts\/81467\/revisions"}],"wp:featuredmedia":[{"embeddable":true,"href":"https:\/\/mickyandoniehn.com\/radio\/wp-json\/wp\/v2\/media\/81468"}],"wp:attachment":[{"href":"https:\/\/mickyandoniehn.com\/radio\/wp-json\/wp\/v2\/media?parent=81467"}],"wp:term":[{"taxonomy":"category","embeddable":true,"href":"https:\/\/mickyandoniehn.com\/radio\/wp-json\/wp\/v2\/categories?post=81467"},{"taxonomy":"post_tag","embeddable":true,"href":"https:\/\/mickyandoniehn.com\/radio\/wp-json\/wp\/v2\/tags?post=81467"}],"curies":[{"name":"wp","href":"https:\/\/api.w.org\/{rel}","templated":true}]}}