{"id":81459,"date":"2024-11-06T15:13:14","date_gmt":"2024-11-06T21:13:14","guid":{"rendered":"http:\/\/mickyandoniehn.com\/radio\/2024\/11\/06\/city-tendra-que-pagar-la-mayoria-de-su-sueldo-a-benjamin-mendy\/"},"modified":"2024-11-06T15:13:14","modified_gmt":"2024-11-06T21:13:14","slug":"city-tendra-que-pagar-la-mayoria-de-su-sueldo-a-benjamin-mendy","status":"publish","type":"post","link":"https:\/\/mickyandoniehn.com\/radio\/2024\/11\/06\/city-tendra-que-pagar-la-mayoria-de-su-sueldo-a-benjamin-mendy\/","title":{"rendered":"City tendr\u00e1 que pagar la \u00abmayor\u00eda\u00bb de su sueldo a Benjamin Mendy"},"content":{"rendered":"<\/p>\n<p>06.11.2024<\/p>\n<p>El Manchester City tendr\u00e1 que pagarle la \u00abmayor\u00eda\u00bb de su salario al exjugador Benjamin Mendy, que fue absuelto de violaci\u00f3n y agresi\u00f3n sexual el a\u00f1o pasado.<\/p>\n<p>El jugador franc\u00e9s, que fue acusado en agosto de 2021 por varias mujeres y absuelto el a\u00f1o pasado, demand\u00f3 al City por el impago de su salario durante el tiempo que estuvo apartado y que ascend\u00eda a unos 11 millones de libras (14 millones de euros) antes de impuestos. Este salario corresponde al tiempo desde que fue suspendido en septiembre de 2021 hasta que abandon\u00f3 el club en junio de 2023.<\/p>\n<p>Una jueza del Tribunal de Trabajo del Reino Unido ha dictaminado que el City estaba en su derecho de no pagar a Mendy cuando estuvo bajo custodia policial, aproximadamente durante cinco meses, pero que la suspensi\u00f3n de la federaci\u00f3n inglesa (FA, por sus siglas en ingl\u00e9s), que no le permit\u00eda ni jugar ni entrenar, no era excusa para no pagar al futbolista.<\/p>\n<p>El total de dinero que Mendy recibir\u00e1 y que ha sido descrito como \u00abla mayor\u00eda de su salario\u00bb ser\u00e1 determinado en una futura audiencia.<\/p>\n<p>Tras abandonar el Manchester City en el verano de 2023, Mendy firm\u00f3 por el Lorient de la liga francesa, equipo en el que a\u00fan juega en la Ligue 2. El que fuera campe\u00f3n del mundo en 2018 con la selecci\u00f3n francesa jug\u00f3 quince encuentros la temporada pasada, pero a\u00fan no ha participado en esta.<\/p>\n<p>Diario Roat\u00e1n<\/p>\n","protected":false},"excerpt":{"rendered":"<p>06.11.2024 El Manchester City tendr\u00e1 que pagarle la \u00abmayor\u00eda\u00bb de su salario al exjugador Benjamin Mendy, que fue absuelto de violaci\u00f3n y agresi\u00f3n sexual el a\u00f1o pasado. El jugador franc\u00e9s, que fue acusado en agosto de 2021 por varias mujeres y absuelto el a\u00f1o pasado, demand\u00f3 al City por el impago de su salario durante &hellip;<\/p>\n","protected":false},"author":0,"featured_media":81460,"comment_status":"open","ping_status":"open","sticky":false,"template":"","format":"standard","meta":{"_jetpack_memberships_contains_paid_content":false,"footnotes":""},"categories":[5],"tags":[],"class_list":["post-81459","post","type-post","status-publish","format-standard","has-post-thumbnail","","category-noticias"],"jetpack_sharing_enabled":true,"jetpack_featured_media_url":"https:\/\/mickyandoniehn.com\/radio\/wp-content\/uploads\/2024\/11\/City-tendra-que-pagar-la-mayoria-de-su-sueldo-a-Benjamin-Mendy-750x430-1-MFU2gl.jpeg","_links":{"self":[{"href":"https:\/\/mickyandoniehn.com\/radio\/wp-json\/wp\/v2\/posts\/81459","targetHints":{"allow":["GET"]}}],"collection":[{"href":"https:\/\/mickyandoniehn.com\/radio\/wp-json\/wp\/v2\/posts"}],"about":[{"href":"https:\/\/mickyandoniehn.com\/radio\/wp-json\/wp\/v2\/types\/post"}],"replies":[{"embeddable":true,"href":"https:\/\/mickyandoniehn.com\/radio\/wp-json\/wp\/v2\/comments?post=81459"}],"version-history":[{"count":0,"href":"https:\/\/mickyandoniehn.com\/radio\/wp-json\/wp\/v2\/posts\/81459\/revisions"}],"wp:featuredmedia":[{"embeddable":true,"href":"https:\/\/mickyandoniehn.com\/radio\/wp-json\/wp\/v2\/media\/81460"}],"wp:attachment":[{"href":"https:\/\/mickyandoniehn.com\/radio\/wp-json\/wp\/v2\/media?parent=81459"}],"wp:term":[{"taxonomy":"category","embeddable":true,"href":"https:\/\/mickyandoniehn.com\/radio\/wp-json\/wp\/v2\/categories?post=81459"},{"taxonomy":"post_tag","embeddable":true,"href":"https:\/\/mickyandoniehn.com\/radio\/wp-json\/wp\/v2\/tags?post=81459"}],"curies":[{"name":"wp","href":"https:\/\/api.w.org\/{rel}","templated":true}]}}