{"id":81457,"date":"2024-11-06T14:14:49","date_gmt":"2024-11-06T20:14:49","guid":{"rendered":"http:\/\/mickyandoniehn.com\/radio\/2024\/11\/06\/aramecina-municipio-del-departamento-de-valle-honduras\/"},"modified":"2024-11-06T14:14:49","modified_gmt":"2024-11-06T20:14:49","slug":"aramecina-municipio-del-departamento-de-valle-honduras","status":"publish","type":"post","link":"https:\/\/mickyandoniehn.com\/radio\/2024\/11\/06\/aramecina-municipio-del-departamento-de-valle-honduras\/","title":{"rendered":"Aramecina, municipio del Departamento de Valle, Honduras"},"content":{"rendered":"<p>06.11.2024<\/p>\n<p><strong>Aramecina es un pintoresco municipio<\/strong>\u00a0del departamento de Valle, ubicado en la regi\u00f3n sur de Honduras, conocido por su historia, cultura y su entorno natural. A solo 25 kil\u00f3metros de la ciudad de Nacaome, la cabecera departamental, Aramecina se caracteriza por su clima c\u00e1lido y seco, t\u00edpico de esta regi\u00f3n.<\/p>\n<p><strong>Limita\u00a0<\/strong>al norte con el municipio de Caridad, al sur con los municipios de Goascor\u00e1n y Langue, al este con los municipios de Langue y Curar\u00e9n y al oeste con la Rep\u00fablica de El Salvador.<\/p>\n<h2>Aramecina, municipio del Departamento de Valle, Honduras<\/h2>\n<p>El nombre en mexicano de Aramecina, significa\u00a0<strong>\u00abR\u00edo de los Magueyes Peque\u00f1os\u00bb.<\/strong>\u00a0Este pueblo fue conocido primero como Tribu Las Aramecina y su etnia son los lencas.<\/p>\n<p>Este municipio, que data del siglo XIX, ha crecido con una identidad propia, siendo un\u00a0<strong>lugar de gran relevancia hist\u00f3rica y agr\u00edcola\u00a0<\/strong>dentro del departamento.<\/p>\n<div class=\"wp-block-image\">\n<\/div>\n<p><strong>No se precisa la fecha de fundaci\u00f3n<\/strong>\u00a0sin embargo en agosto de 1740 se le dieron los t\u00edtulos de ejidos. En el censo poblacional de 1801 aparece como pueblo adscrito a la parroquia de Goascor\u00e1n. En el censo poblacional de 1887, ya figura como municipio del departamento de Choluteca, hasta la creaci\u00f3n del Departamento de Valle en 1893.<\/p>\n<p>La\u00a0<strong>agricultura es el principal motor econ\u00f3mico<\/strong>; los pobladores se dedican en gran medida al cultivo de hortalizas, ma\u00edz y frijoles, y a la producci\u00f3n de caf\u00e9 en zonas m\u00e1s altas del municipio.<\/p>\n<p>As\u00ed mismo, el municipio celebra sus<strong>\u00a0fiestas patronales en honor a San Sebasti\u00e1n cada 20 de enero<\/strong>. Este evento re\u00fane a la comunidad y a hondure\u00f1os a celebrar con mucho color, m\u00fasica, danzas y expresiones de fe.<\/p>\n<p>Honduras.com<\/p>\n","protected":false},"excerpt":{"rendered":"<p>06.11.2024 Aramecina es un pintoresco municipio\u00a0del departamento de Valle, ubicado en la regi\u00f3n sur de Honduras, conocido por su historia, cultura y su entorno natural. A solo 25 kil\u00f3metros de la ciudad de Nacaome, la cabecera departamental, Aramecina se caracteriza por su clima c\u00e1lido y seco, t\u00edpico de esta regi\u00f3n. Limita\u00a0al norte con el municipio &hellip;<\/p>\n","protected":false},"author":0,"featured_media":81458,"comment_status":"open","ping_status":"open","sticky":false,"template":"","format":"standard","meta":{"_jetpack_memberships_contains_paid_content":false,"footnotes":""},"categories":[5],"tags":[],"class_list":["post-81457","post","type-post","status-publish","format-standard","has-post-thumbnail","","category-noticias"],"jetpack_sharing_enabled":true,"jetpack_featured_media_url":"https:\/\/mickyandoniehn.com\/radio\/wp-content\/uploads\/2024\/11\/ara-2-1024x769-NVJBjm.jpeg","_links":{"self":[{"href":"https:\/\/mickyandoniehn.com\/radio\/wp-json\/wp\/v2\/posts\/81457","targetHints":{"allow":["GET"]}}],"collection":[{"href":"https:\/\/mickyandoniehn.com\/radio\/wp-json\/wp\/v2\/posts"}],"about":[{"href":"https:\/\/mickyandoniehn.com\/radio\/wp-json\/wp\/v2\/types\/post"}],"replies":[{"embeddable":true,"href":"https:\/\/mickyandoniehn.com\/radio\/wp-json\/wp\/v2\/comments?post=81457"}],"version-history":[{"count":0,"href":"https:\/\/mickyandoniehn.com\/radio\/wp-json\/wp\/v2\/posts\/81457\/revisions"}],"wp:featuredmedia":[{"embeddable":true,"href":"https:\/\/mickyandoniehn.com\/radio\/wp-json\/wp\/v2\/media\/81458"}],"wp:attachment":[{"href":"https:\/\/mickyandoniehn.com\/radio\/wp-json\/wp\/v2\/media?parent=81457"}],"wp:term":[{"taxonomy":"category","embeddable":true,"href":"https:\/\/mickyandoniehn.com\/radio\/wp-json\/wp\/v2\/categories?post=81457"},{"taxonomy":"post_tag","embeddable":true,"href":"https:\/\/mickyandoniehn.com\/radio\/wp-json\/wp\/v2\/tags?post=81457"}],"curies":[{"name":"wp","href":"https:\/\/api.w.org\/{rel}","templated":true}]}}