{"id":81434,"date":"2024-11-05T20:15:29","date_gmt":"2024-11-06T02:15:29","guid":{"rendered":"http:\/\/mickyandoniehn.com\/radio\/2024\/11\/05\/seat-esta-en-riesgo-los-aranceles-al-coche-electrico-chino-y-las-multas-por-emisiones-ponen-a-martorell-en-el-punto-de-mira\/"},"modified":"2024-11-05T20:15:29","modified_gmt":"2024-11-06T02:15:29","slug":"seat-esta-en-riesgo-los-aranceles-al-coche-electrico-chino-y-las-multas-por-emisiones-ponen-a-martorell-en-el-punto-de-mira","status":"publish","type":"post","link":"https:\/\/mickyandoniehn.com\/radio\/2024\/11\/05\/seat-esta-en-riesgo-los-aranceles-al-coche-electrico-chino-y-las-multas-por-emisiones-ponen-a-martorell-en-el-punto-de-mira\/","title":{"rendered":"\u00abSeat est\u00e1 en riesgo\u00bb: los aranceles al coche el\u00e9ctrico chino y las multas por emisiones ponen a Martorell en el punto de mira"},"content":{"rendered":"<\/p>\n<p>La situaci\u00f3n de la industria del autom\u00f3vil europea es realmente compleja. Si ampliamos al fotograf\u00eda una d\u00e9cada, la Uni\u00f3n Europea se ha propuesto eliminar del mercado los motores de combusti\u00f3n casi en su totalidad. Al mismo tiempo, empuja a los fabricantes a pasarse al el\u00e9ctrico antes, con dos fechas clave: 2025 y 2030. Entre medias, lidia con la entrada de los coches el\u00e9ctricos chinos (m\u00e1s baratos) y una industria en crisis.<\/p>\n<p>Todo ello ha convertido el mercado en una olla a presi\u00f3n en la que tambi\u00e9n est\u00e1 dentro Seat, Cupra y Martorell.<\/p>\n<p><strong>2035<\/strong>. Para entender todo lo que tenemos por delante, vamos a tomar como punto de partida la fecha m\u00e1s alejada. La Uni\u00f3n Europea estaba decidida a prohibir la venta de coches con motores de combusti\u00f3n a partir de esta fecha. La decisi\u00f3n, sin embargo, se ha ido postponiendo pero, tambi\u00e9n, definiendo.<\/p>\n<div class=\"video-boost-container article-asset-normal\">\n<span class=\"video-boost-heading\">Un vistazo a\u2026<\/span><\/p>\n<p><span class=\"video-boost-title\">\u00bfPor que\u0301 un coche ele\u0301ctrico tiene menos autonomi\u0301a que la que anuncian<\/span><\/p>\n<\/div>\n<p>En una de las \u00faltimas votaciones, Alemania e Italia se plantaron. No votar\u00edan a favor si no se permit\u00eda el uso de\u00a0<em>efuels<\/em>. Esto ha llevado a que la Uni\u00f3n Europea\u00a0<a class=\"text-outboundlink\" href=\"https:\/\/www.xataka.com\/movilidad\/hemos-llegado-a-acuerdo-efuel-fumata-blanca-ue-alemania-fin-coches-combustion\">cambie la redacci\u00f3n de su prohibici\u00f3n<\/a>. Estar\u00e1n prohibidos los motores de combusti\u00f3n que no sean neutros en carbono, una diferencia sutil pero decisiva con la redacci\u00f3n anterior que apostaba por prohibir la venta de motores que no fueran \u00abneutros en emisiones\u00bb.<\/p>\n<p>Esto deja un\u00a0<a href=\"https:\/\/www.xataka.com\/movilidad\/pleno-salto-coche-electrico-empresa-se-ha-empenado-salvar-motor-combustion-porsche#:~:text=Los%20efuel%20son%20combustibles%20sint%C3%A9ticos,la%20huella%20final%20es%20m%C3%ADnima.\">resquicio al uso de motores con combustibles sint\u00e9ticos<\/a>, que son neutros en carbono pero emiten part\u00edculas de NOx (<a href=\"https:\/\/ec.europa.eu\/health\/opinions\/es\/contaminacion-aire-interior\/glosario\/mno\/oxidos-nitrogeno-nox-oxido-nitrico-no-dioxido-nitrogeno-no2.htm#:~:text=Definici%C3%B3n%3A,nitr%C3%B3geno%20son%20incoloros%20e%20inodoros.\">muy perjudiciales<\/a>\u00a0para el ser humano), o de hidr\u00f3geno,\u00a0<a class=\"text-outboundlink\" href=\"https:\/\/www.xataka.com\/movilidad\/toyota-cree-que-alternativa-al-coche-electrico-hidrogeno-liquido-ahora-tiene-problemas\">como pretende Toyota<\/a>.<\/p>\n<p><strong>2030<\/strong>. Aunque ha ido pasando desapercibida, 2030 es casi una fecha tan importante como la antes mencionada de 2035. Para este a\u00f1o, la Uni\u00f3n Europea tiene como objetivo cumplir con su\u00a0<a href=\"https:\/\/www.consilium.europa.eu\/es\/policies\/fit-for-55\/\"><em>Fit55<\/em><\/a>, un proyecto con el que aspira a reducir las emisiones contaminantes un 55% respecto al volumen de emisiones de los coches en 2021.<\/p>\n<p>Esto quiere decir que ser\u00e1 imposible vender un coche de combusti\u00f3n que no est\u00e9 altamente electrificado sin echar papeletas a una posible multa. Si no se quieren superar los\u00a0<a href=\"https:\/\/x.com\/guillealfonsin\/status\/1585863105178910721?s=46\">42,75 gr\/km de CO2 en los que quedar\u00eda el nuevo l\u00edmite<\/a>\u00a0en 2030, el coche no podr\u00e1 consumir m\u00e1s de 1,81 litros\/100 km de gasolina.<\/p>\n<p>Esto s\u00f3lo es posible cumplirlo con los h\u00edbridos enchufables, dada las particularidades de sus homologaciones de consumos. \u00bfPodr\u00e1n venderse coches de combusti\u00f3n? S\u00ed, pero ser\u00e1n cada vez menos ya que necesitar\u00e1n vender muchos el\u00e9ctricos para dividir el volumen de emisiones y que la media quede por debajo de esos 42,75 gr\/km de CO2. A las marcas, por tanto, cada vez les interesar\u00e1 menos apostar por esta tecnolog\u00eda.<\/p>\n<p><strong>2025<\/strong>. La siguiente fecha est\u00e1 a la vuelta de la esquina. A partir del pr\u00f3ximo 1 de enero, la balanza de emisiones empezar\u00e1 a sumar gr\/km de CO2 en cada fabricante. Una balanza que\u00a0<a href=\"https:\/\/www.coches.net\/videos\/normativa-cafe-2025#:~:text=La%20normativa%20CAFE%20(Clean%20Air,93%2C6%20gramos%20por%20kil%C3%B3metro.\">no podr\u00e1 superar los 93,6 gr\/km de CO2 de media<\/a>\u00a0en la flota vendida. Si la marca se sobrepasa, recibir\u00e1 una multa de 95 euros por cada gramo por km\/CO2 excedido en la media y coche vendido.<\/p>\n<p>Por ejemplo, la media de emisiones del Grupo Volkswagen fue de 120 gr\/km de CO2 en 2023. Redondeando, esto implica que el conglomerado pagar\u00eda algo m\u00e1s de 2.470 euros de multa por coche vendido en Europa. Si el a\u00f1o pasado vendieron en el continente\u00a0<a href=\"https:\/\/es.statista.com\/estadisticas\/917116\/volumen-de-ventas-de-volkswagen-ag-por-region-mundial\/#:~:text=En%202023%2C%20en%20la%20regi%C3%B3n,%2C%20Skoda%2C%20Audi%20y%20Bentley.\">3,8 millones de autom\u00f3viles<\/a>, hablamos de una multa de unos 9.400 millones de euros.<\/p>\n<div class=\"article-asset-image article-asset-normal article-asset-center\">\n<div class=\"asset-content\">\n<div class=\"caption-img \">Fuente: Consejo de la Uni\u00f3n Europea<\/div>\n<\/div>\n<\/div>\n<p><strong>\u00bfQu\u00e9 quiere decir todo esto?<\/strong>\u00a0Dos cosas. La primera es que la Uni\u00f3n Europea est\u00e1 interesada en vender coches el\u00e9ctricos para poder cumplir con los l\u00edmites de emisiones que ella misma se ha impuesto. No solo es cuesti\u00f3n de venderlos, es cuesti\u00f3n de aumentar su cuota de mercado. Las cuentas le salen si\u00a0<a href=\"https:\/\/www.consilium.europa.eu\/es\/infographics\/fit-for-55-afir-alternative-fuels-infrastructure-regulation\/\">el 16% de la flota de veh\u00edculos<\/a>\u00a0de toda la Uni\u00f3n Europea utiliza combustibles alternativos (electricidad o hidr\u00f3geno) en 2030.<\/p>\n<p>La segunda es que los fabricantes tendr\u00e1n que vender un porcentaje muy alto de veh\u00edculos el\u00e9ctricos e h\u00edbridos enchufables, en comparaci\u00f3n a las cifras actuales, si quieren salvar multas milmillonarias. En estos momentos, todos los grandes fabricantes salvo los que s\u00f3lo venden modelos completamente el\u00e9ctricos (Tesla, por ejemplo) se enfrentan a dolorosas multas o a la\u00a0<a class=\"text-outboundlink\" href=\"https:\/\/www.xataka.com\/movilidad\/tesla-ha-disparado-sus-ingresos-ha-hecho-encontrando-oro-fuera-venta-coches\">obligaci\u00f3n de comprar cr\u00e9ditos de emisiones<\/a>\u00a0a compa\u00f1\u00edas que no alcancen la frontera de los 93,6 gr\/km de CO2.<\/p>\n<p><strong>Los el\u00e9ctricos baratos<\/strong>. El gran problema para los fabricantes, la Uni\u00f3n Europea y los clientes es uno muy sencillo:\u00a0<a class=\"text-outboundlink\" href=\"https:\/\/www.xataka.com\/movilidad\/volkswagen-sabe-que-su-futuro-pasa-vender-coches-electricos-baratos-problema-que-no-sabe-como-hacerlo\">los coches el\u00e9ctricos baratos siguen sin calar<\/a>. De momento, no hay coches el\u00e9ctricos que puedan ofrecer lo mismo que un veh\u00edculo de gasolina a un precio inferior a 20.000 euros. Comprar uno de estos veh\u00edculos supone asumir ciertas incomodidades en los viajes de largo recorrido.<\/p>\n<p><strong>Los aranceles<\/strong>. Aqu\u00ed entran en juego los\u00a0<a class=\"text-outboundlink\" href=\"https:\/\/www.xataka.com\/movilidad\/hoy-entran-vigor-aranceles-union-europea-al-coche-electrico-chino-fabricantes-alcanzados-tarifas\">aranceles a los coches el\u00e9ctricos<\/a>\u00a0llegados desde China. El pa\u00eds asi\u00e1tico ha conseguido\u00a0<a class=\"text-outboundlink\" href=\"https:\/\/www.xataka.com\/movilidad\/occidente-esta-friendo-al-coche-electrico-chino-aranceles-china-tiene-boton-rojo-quiere-vengarse-tierras-raras\">dominar la cadena de suministro<\/a>\u00a0y, a ojos de la Uni\u00f3n Europea, ha dopado a sus fabricantes para competir en suelo europeo ofreciendo coches el\u00e9ctricos m\u00e1s baratos que las compa\u00f1\u00edas locales y ganar cuota de mercado.<\/p>\n<p>Pero estas tasas tambi\u00e9n se aplican a los coches el\u00e9ctricos llegados desde China. Con tarifas a medida en funci\u00f3n de los fabricantes, Tesla recibir\u00e1 un 7,8% de aranceles adicionales al 10% que ya se aplica a la entrada de coches de fuera de la Uni\u00f3n Europea. Pero el Grupo Volkswagen, asociada hist\u00f3ricamente con SAIC, es una de las m\u00e1s penalizadas ya que sus coches llegan gravados con un 35,3% extra, lo que se aplica a,\u00a0<a href=\"https:\/\/www.elconfidencial.com\/motor\/electricos\/2024-07-22\/volkswagen-id-unyx-coche-electrico-china-cupra-tavascan_3929234\/\">entre otros, el Cupra Tavascan<\/a>.<\/p>\n<p><strong>Su impacto para Seat<\/strong>. Wayne Griffiths ha sido muy claro en lo que esto supone para Seat.\u00a0<a href=\"https:\/\/www.linkedin.com\/feed\/update\/urn:li:activity:7257681546717921280\/\">En LinkedIn<\/a>, el CEO de la compa\u00f1\u00eda, ha lanzado un duro mensaje: \u00abla industria del autom\u00f3vil est\u00e1 en riesgo. Y Seat tambi\u00e9n\u00bb.<\/p>\n<p>Una reducci\u00f3n de vol\u00famenes del CUPRA Tavascan pondr\u00eda en peligro la capacidad de SEAT S.A. de cumplir los objetivos europeos de reducci\u00f3n de CO2, teniendo que hacer frente a multas inasumibles. Esto supondr\u00eda la necesidad de reducir una cuarta parte de la producci\u00f3n prevista de veh\u00edculos de combusti\u00f3n en Martorell.<\/p>\n<p>Lo que Griffiths asegura es que Seat tiene dos opciones para salir airosa de 2024 pagando la menor cantidad posible de una futura multa. La primera es vender todos los el\u00e9ctricos e h\u00edbridos enchufables que pueda con Cupra, compensando las emisiones de los coches de Seat, ya que a ojos de los legisladores las dos compa\u00f1\u00edas forman parte de Seat S.A.<\/p>\n<p>La segunda es reducir la producci\u00f3n de coches de Seat, afectando directamente a Martorell. Si la compa\u00f1\u00eda no consigue colocar veh\u00edculos altamente electrificados en el mercado por un precio muy alto, tendr\u00e1 que compensar fabricando menos veh\u00edculos de combusti\u00f3n, compensando el volumen final de emisiones de CO2. Esto podr\u00eda suponer, seg\u00fan Griffiths, una reducci\u00f3n de hasta un 25% en las labores que se realizan en Martorell.<\/p>\n<p><strong>Seat, ante el abismo<\/strong>. La estrategia de Volkswagen est\u00e1 llevando a Seat a un callej\u00f3n sin salida. Desde hace ya dos a\u00f1os, la compa\u00f1\u00eda por la que apuesta es por Cupra, a la que\u00a0<a href=\"https:\/\/www.youtube.com\/watch?v=TtbdXcC9x4Y\">Griffiths defini\u00f3 como la marca del futuro<\/a>. En este languidecer, se ha rumoreado que la compa\u00f1\u00eda puede tomar un nuevo rumbo dentro de la micromovilidad.<\/p>\n<p>Es, lo que parece, una soluci\u00f3n a corto plazo.\u00a0<a class=\"text-outboundlink\" href=\"https:\/\/www.xataka.com\/movilidad\/volkswagen-ha-sentenciado-al-fin-futuro-seat-no-necesariamente-mala-noticia-para-marca\">Dejar a Seat en un segundo plano<\/a>\u00a0hasta que sea posible vender coches el\u00e9ctricos a un precio que entre dentro del p\u00fablico objetivo que busca la compa\u00f1\u00eda. Con una oferta donde\u00a0<a href=\"https:\/\/www.seat.es\/configurador\/w\/model?wf=seat-es-es\">solo el Seat Tarraco ofrece una versi\u00f3n h\u00edbrida enchufable<\/a>, vender los Seat Arona e Ibiza pueden ser\u00a0<a class=\"text-outboundlink\" href=\"https:\/\/www.xataka.com\/movilidad\/coches-baratos-se-van-a-acabar-stellantis-sabe-que-vender-cada-vez-caros-rentable\">un lastre<\/a>\u00a0para la compa\u00f1\u00eda ya que son coches que se mueven entre los 117 y 128 gr\/km de CO2 en funci\u00f3n del equipamiento y motor escogido. Son, exactamente,\u00a0<a class=\"text-outboundlink\" href=\"https:\/\/www.xataka.com\/movilidad\/coches-vendidos-2023-2024-espana\">dos de los coches m\u00e1s vendidos en Espa\u00f1a<\/a>.<\/p>\n<p><strong>Una industria en crisis<\/strong>. La situaci\u00f3n de Seat no es nueva para una industria que est\u00e1 en crisis. El propio Grupo Volkswagen\u00a0<a class=\"text-outboundlink\" href=\"https:\/\/www.xataka.com\/movilidad\/no-somos-competitivos-como-marca-ceo-volkswagen-avecina-recortes-despidos-ineditos-su-historia\">se ha propuesto ahorrar 10.000 millones de euros<\/a>\u00a0entre 2024 y 2027 para afrontar la transformaci\u00f3n al coche el\u00e9ctrico. Por el camino amenaza con\u00a0<a class=\"text-outboundlink\" href=\"https:\/\/www.xataka.com\/movilidad\/todas-fabricas-alemania-estan-peligro-volkswagen-augura-futuro-dificil-europa-cierre-tres-plantas\">cerrar tres plantas<\/a>\u00a0y Seat ya avisa de una reducci\u00f3n considerable en la producci\u00f3n en Martorell.<\/p>\n<p>Desde\u00a0<a href=\"https:\/\/www.motorpasion.com\/industria\/stellantis-no-descarta-subir-precio-sus-coches-gasolina-e-hibridos-se-vendan-asi-evitar-multas-europa-no-vender-suficientes-electricos\">Stellantis han avisado de que optar\u00e1n por el mismo camino<\/a>. Si no pueden colocar en el mercado los coches el\u00e9ctricos suficientes tendr\u00e1n que rebajar la producci\u00f3n de sus veh\u00edculos de combusti\u00f3n y, por tanto, tambi\u00e9n reducir el volumen de trabajo en sus plantas europeas<\/p>\n<p>Al mismo tiempo, China ya ha dado el aviso a sus fabricantes de que no inviertan dinero en aquellos pa\u00edses que apoyaron los aranceles a los coches el\u00e9ctricos, seg\u00fan\u00a0<a href=\"https:\/\/www.reuters.com\/business\/autos-transportation\/china-tells-carmakers-pause-investment-eu-countries-backing-ev-tariffs-sources-2024-10-30\/\"><em>Reuters<\/em><\/a>. No sabemos\u00a0<a class=\"text-outboundlink\" href=\"https:\/\/www.xataka.com\/movilidad\/aranceles-al-coche-electrico-chino-tiene-claro-afectado-espana-estas-consecuencias-directas-medida-europea\">c\u00f3mo puede esto afectar a Espa\u00f1a<\/a>, que apoy\u00f3 los mismos en un primer momento y, posteriormente,\u00a0<a class=\"text-outboundlink\" href=\"https:\/\/www.xataka.com\/movilidad\/pedro-sanchez-ha-elogiado-calidad-coches-electricos-chinos-cerdos-tienen-mucho-que-ver\">se abstuvo tras las presiones chinas<\/a>. De momento, ya sabemos que\u00a0<a class=\"text-outboundlink\" href=\"https:\/\/www.xataka.com\/movilidad\/espana-sufre-juego-equilibrios-coche-electrico-chino-chery-retrasa-ano-produccion-omoda-barcelona\">los planes de Omoda en Barcelona tambi\u00e9n se han retrasado<\/a>.<\/p>\n","protected":false},"excerpt":{"rendered":"<p>La situaci\u00f3n de la industria del autom\u00f3vil europea es realmente compleja. Si ampliamos al fotograf\u00eda una d\u00e9cada, la Uni\u00f3n Europea se ha propuesto eliminar del mercado los motores de combusti\u00f3n casi en su totalidad. Al mismo tiempo, empuja a los fabricantes a pasarse al el\u00e9ctrico antes, con dos fechas clave: 2025 y 2030. Entre medias, &hellip;<\/p>\n","protected":false},"author":0,"featured_media":81435,"comment_status":"open","ping_status":"open","sticky":false,"template":"","format":"standard","meta":{"_jetpack_memberships_contains_paid_content":false,"footnotes":""},"categories":[5],"tags":[],"class_list":["post-81434","post","type-post","status-publish","format-standard","has-post-thumbnail","","category-noticias"],"jetpack_sharing_enabled":true,"jetpack_featured_media_url":"https:\/\/mickyandoniehn.com\/radio\/wp-content\/uploads\/2024\/11\/500_333-YS7ukm.jpeg","_links":{"self":[{"href":"https:\/\/mickyandoniehn.com\/radio\/wp-json\/wp\/v2\/posts\/81434","targetHints":{"allow":["GET"]}}],"collection":[{"href":"https:\/\/mickyandoniehn.com\/radio\/wp-json\/wp\/v2\/posts"}],"about":[{"href":"https:\/\/mickyandoniehn.com\/radio\/wp-json\/wp\/v2\/types\/post"}],"replies":[{"embeddable":true,"href":"https:\/\/mickyandoniehn.com\/radio\/wp-json\/wp\/v2\/comments?post=81434"}],"version-history":[{"count":0,"href":"https:\/\/mickyandoniehn.com\/radio\/wp-json\/wp\/v2\/posts\/81434\/revisions"}],"wp:featuredmedia":[{"embeddable":true,"href":"https:\/\/mickyandoniehn.com\/radio\/wp-json\/wp\/v2\/media\/81435"}],"wp:attachment":[{"href":"https:\/\/mickyandoniehn.com\/radio\/wp-json\/wp\/v2\/media?parent=81434"}],"wp:term":[{"taxonomy":"category","embeddable":true,"href":"https:\/\/mickyandoniehn.com\/radio\/wp-json\/wp\/v2\/categories?post=81434"},{"taxonomy":"post_tag","embeddable":true,"href":"https:\/\/mickyandoniehn.com\/radio\/wp-json\/wp\/v2\/tags?post=81434"}],"curies":[{"name":"wp","href":"https:\/\/api.w.org\/{rel}","templated":true}]}}