{"id":81410,"date":"2024-11-05T15:13:53","date_gmt":"2024-11-05T21:13:53","guid":{"rendered":"http:\/\/mickyandoniehn.com\/radio\/2024\/11\/05\/otras-dos-personas-mueren-por-dengue-en-honduras\/"},"modified":"2024-11-05T15:13:53","modified_gmt":"2024-11-05T21:13:53","slug":"otras-dos-personas-mueren-por-dengue-en-honduras","status":"publish","type":"post","link":"https:\/\/mickyandoniehn.com\/radio\/2024\/11\/05\/otras-dos-personas-mueren-por-dengue-en-honduras\/","title":{"rendered":"Otras dos personas mueren por dengue en Honduras"},"content":{"rendered":"<p>05.11.2024<\/p>\n<p><strong>Tegucigalpa-\u00a0<\/strong>Este martes otras dos personas perdieron la vida por causas del dengue en el Hospital Escuela en esta capital hondure\u00f1a.<\/p>\n<p>El portavoz del Hospital Escuela, Miguel Osorio dijo que los fallecimientos son de un menor de dos a\u00f1os y otro un joven.<\/p>\n<p>Detall\u00f3 que el menor era procedente de Yamaranguila, Intibuc\u00e1 y hab\u00eda sido remitida al centro asistencial ante la gravedad de su salud.<\/p>\n<p>La otra v\u00edctima era procedente de la capital hondure\u00f1a y el joven ten\u00eda 19 a\u00f1os.<\/p>\n<p>Las autoridades sanitarias hondure\u00f1as levantaron la emergencia que se hab\u00eda emitido por causa del dengue.<\/p>\n<p>El dengue ha cobrado la vida de m\u00e1s de\u00a0<strong><a href=\"https:\/\/proceso.hn\/muertes-por-dengue-ascienden-a-147-confirma-ministra-de-salud\/\" target=\"_blank\" rel=\"noopener\">147 personas<\/a><\/strong>\u00a0en Honduras.<br \/>\nProceso.hn<\/p>\n","protected":false},"excerpt":{"rendered":"<p>05.11.2024 Tegucigalpa-\u00a0Este martes otras dos personas perdieron la vida por causas del dengue en el Hospital Escuela en esta capital hondure\u00f1a. El portavoz del Hospital Escuela, Miguel Osorio dijo que los fallecimientos son de un menor de dos a\u00f1os y otro un joven. Detall\u00f3 que el menor era procedente de Yamaranguila, Intibuc\u00e1 y hab\u00eda sido &hellip;<\/p>\n","protected":false},"author":0,"featured_media":81411,"comment_status":"open","ping_status":"open","sticky":false,"template":"","format":"standard","meta":{"_jetpack_memberships_contains_paid_content":false,"footnotes":""},"categories":[5],"tags":[],"class_list":["post-81410","post","type-post","status-publish","format-standard","has-post-thumbnail","","category-noticias"],"jetpack_sharing_enabled":true,"jetpack_featured_media_url":"https:\/\/mickyandoniehn.com\/radio\/wp-content\/uploads\/2024\/11\/IMG_9808-oVPj1N.jpeg","_links":{"self":[{"href":"https:\/\/mickyandoniehn.com\/radio\/wp-json\/wp\/v2\/posts\/81410","targetHints":{"allow":["GET"]}}],"collection":[{"href":"https:\/\/mickyandoniehn.com\/radio\/wp-json\/wp\/v2\/posts"}],"about":[{"href":"https:\/\/mickyandoniehn.com\/radio\/wp-json\/wp\/v2\/types\/post"}],"replies":[{"embeddable":true,"href":"https:\/\/mickyandoniehn.com\/radio\/wp-json\/wp\/v2\/comments?post=81410"}],"version-history":[{"count":0,"href":"https:\/\/mickyandoniehn.com\/radio\/wp-json\/wp\/v2\/posts\/81410\/revisions"}],"wp:featuredmedia":[{"embeddable":true,"href":"https:\/\/mickyandoniehn.com\/radio\/wp-json\/wp\/v2\/media\/81411"}],"wp:attachment":[{"href":"https:\/\/mickyandoniehn.com\/radio\/wp-json\/wp\/v2\/media?parent=81410"}],"wp:term":[{"taxonomy":"category","embeddable":true,"href":"https:\/\/mickyandoniehn.com\/radio\/wp-json\/wp\/v2\/categories?post=81410"},{"taxonomy":"post_tag","embeddable":true,"href":"https:\/\/mickyandoniehn.com\/radio\/wp-json\/wp\/v2\/tags?post=81410"}],"curies":[{"name":"wp","href":"https:\/\/api.w.org\/{rel}","templated":true}]}}