{"id":80731,"date":"2024-10-16T09:13:13","date_gmt":"2024-10-16T15:13:13","guid":{"rendered":"http:\/\/mickyandoniehn.com\/radio\/2024\/10\/16\/melonera-anuncia-100-despidos-ante-reduccion-de-demanda-en-ee-uu\/"},"modified":"2024-10-16T09:13:13","modified_gmt":"2024-10-16T15:13:13","slug":"melonera-anuncia-100-despidos-ante-reduccion-de-demanda-en-ee-uu","status":"publish","type":"post","link":"https:\/\/mickyandoniehn.com\/radio\/2024\/10\/16\/melonera-anuncia-100-despidos-ante-reduccion-de-demanda-en-ee-uu\/","title":{"rendered":"Melonera anuncia 100 despidos ante reducci\u00f3n de demanda en EE. UU."},"content":{"rendered":"<p>10.10.2024<\/p>\n<\/p>\n<p>Debido a la disminuci\u00f3n de demanda de melones hondure\u00f1os en el mercado norteamericano, el Grupo Sol, subsidiaria de Fyffes, despedir\u00e1 a unas 100 personas en los pr\u00f3ximos d\u00edas, con el compromiso de continuar operando en Honduras.<\/p>\n<p>La gerencia de la empresa dio a conocer que en la actualidad enfrentan una creciente presi\u00f3n, debido al aumento de costos, lo que hace insostenible el modelo de producci\u00f3n actual, por lo que el precio para la obtenci\u00f3n de melones es significativamente m\u00e1s alto.<\/p>\n<p>Asimismo, se inform\u00f3 que otro de los factores que han contribuido en el incremento de los costos operativos, es el alza en los costos de transporte, servicios portuarios, fertilizantes y agroqu\u00edmicos, as\u00ed como limitaciones en la distribuci\u00f3n de electricidad y altas tarifas.<\/p>\n<p>\u201cEl proceso de reducci\u00f3n de operaciones en Honduras est\u00e1 siendo supervisado por inspectores del Ministerio del Trabajo y Seguridad Social, para asegurar el cumplimiento de las leyes laborales, la transparencia y el debido proceso\u201d, se inform\u00f3.<\/p>\n<div class=\"fs-dynamic\">\n<div>\n<p>De esta manera, 100 hondure\u00f1os m\u00e1s se sumar\u00e1n al \u201cbatall\u00f3n\u201d de desempleados en el pa\u00eds.<\/p>\n<p><a href=\"https:\/\/i0.wp.com\/web.latribuna.hn\/wp-content\/uploads\/2024\/10\/melonera-anuncia-100-despidos-ante-reduccion-de-demanda-en-ee-uu-1.jpg?ssl=1\"><\/a>\n<\/div>\n<\/div>\n","protected":false},"excerpt":{"rendered":"<p>10.10.2024 Debido a la disminuci\u00f3n de demanda de melones hondure\u00f1os en el mercado norteamericano, el Grupo Sol, subsidiaria de Fyffes, despedir\u00e1 a unas 100 personas en los pr\u00f3ximos d\u00edas, con el compromiso de continuar operando en Honduras. La gerencia de la empresa dio a conocer que en la actualidad enfrentan una creciente presi\u00f3n, debido al &hellip;<\/p>\n","protected":false},"author":0,"featured_media":80732,"comment_status":"open","ping_status":"open","sticky":false,"template":"","format":"standard","meta":{"_jetpack_memberships_contains_paid_content":false,"footnotes":""},"categories":[5],"tags":[],"class_list":["post-80731","post","type-post","status-publish","format-standard","has-post-thumbnail","","category-noticias"],"jetpack_sharing_enabled":true,"jetpack_featured_media_url":"https:\/\/mickyandoniehn.com\/radio\/wp-content\/uploads\/2024\/10\/melonera-anuncia-100-despidos-ante-reduccion-de-demanda-en-ee-uu-2-696x356-1-7P047Q.jpeg","_links":{"self":[{"href":"https:\/\/mickyandoniehn.com\/radio\/wp-json\/wp\/v2\/posts\/80731","targetHints":{"allow":["GET"]}}],"collection":[{"href":"https:\/\/mickyandoniehn.com\/radio\/wp-json\/wp\/v2\/posts"}],"about":[{"href":"https:\/\/mickyandoniehn.com\/radio\/wp-json\/wp\/v2\/types\/post"}],"replies":[{"embeddable":true,"href":"https:\/\/mickyandoniehn.com\/radio\/wp-json\/wp\/v2\/comments?post=80731"}],"version-history":[{"count":0,"href":"https:\/\/mickyandoniehn.com\/radio\/wp-json\/wp\/v2\/posts\/80731\/revisions"}],"wp:featuredmedia":[{"embeddable":true,"href":"https:\/\/mickyandoniehn.com\/radio\/wp-json\/wp\/v2\/media\/80732"}],"wp:attachment":[{"href":"https:\/\/mickyandoniehn.com\/radio\/wp-json\/wp\/v2\/media?parent=80731"}],"wp:term":[{"taxonomy":"category","embeddable":true,"href":"https:\/\/mickyandoniehn.com\/radio\/wp-json\/wp\/v2\/categories?post=80731"},{"taxonomy":"post_tag","embeddable":true,"href":"https:\/\/mickyandoniehn.com\/radio\/wp-json\/wp\/v2\/tags?post=80731"}],"curies":[{"name":"wp","href":"https:\/\/api.w.org\/{rel}","templated":true}]}}