{"id":80723,"date":"2024-10-16T09:13:04","date_gmt":"2024-10-16T15:13:04","guid":{"rendered":"http:\/\/mickyandoniehn.com\/radio\/2024\/10\/16\/instan-a-aprobar-ley-para-inclusion-de-personas-con-discapacidad\/"},"modified":"2024-10-16T09:13:04","modified_gmt":"2024-10-16T15:13:04","slug":"instan-a-aprobar-ley-para-inclusion-de-personas-con-discapacidad","status":"publish","type":"post","link":"https:\/\/mickyandoniehn.com\/radio\/2024\/10\/16\/instan-a-aprobar-ley-para-inclusion-de-personas-con-discapacidad\/","title":{"rendered":"Instan a aprobar ley para inclusi\u00f3n de personas con discapacidad"},"content":{"rendered":"<p>16.10.2024<\/p>\n<\/p>\n<p>En un esfuerzo conjunto por garantizar los derechos humanos y promover la plena inclusi\u00f3n de las personas con discapacidad en Honduras, la Federaci\u00f3n Nacional de Madres, Padres y Familias de Personas con Discapacidad de Honduras (Fenapapedish) present\u00f3 la campa\u00f1a nacional \u201cDiscapacidad que nos complementa\u201d.<\/p>\n<p>La campa\u00f1a tiene por objetivo sensibilizar a la sociedad hondure\u00f1a y a los parlamentarios sobre la importancia de aprobar la nueva \u201cLey por los Derechos de las Personas con Discapacidad\u201d, para generar un cambio cultural que elimine barreras f\u00edsicas, de comunicaci\u00f3n y actitudinales, promoviendo una mayor inclusi\u00f3n en el pa\u00eds.<\/p>\n<p>La directora de Fenapapedish, Rosa Raudales, afirm\u00f3 que \u201cen Honduras, la discapacidad es un tema que nos concierne a todos, nuestro pa\u00eds tiene una historia de lucha constante por la igualdad, y esta ley representa un paso m\u00e1s para garantizar que nadie quede atr\u00e1s\u201d.<\/p>\n<p>Agreg\u00f3 que \u201cla inclusi\u00f3n no solo beneficia a las personas con discapacidad, sino que enriquece a toda nuestra sociedad\u201d.<\/p>\n<div class=\"fs-dynamic\">\n<div>\n<h2><strong>GRANDES DESAF\u00cdOS<\/strong><\/h2>\n<p><a href=\"https:\/\/i1.wp.com\/web.latribuna.hn\/wp-content\/uploads\/2024\/10\/instan-a-aprobar-ley-para-inclusion-de-personas-con-discapacidad-2.jpg?ssl=1\"><\/a>A trav\u00e9s de la campa\u00f1a se busca sensibilizar a la sociedad hondure\u00f1a sobre la necesidad de eliminar las barreras contra las personas con discapacidad.<\/p>\n<div class=\"fs-dynamic\">\n<div>\n<p>Respecto a la propuesta de ley, seg\u00fan Raudales, esta responde a la urgente necesidad de actualizar el marco legislativo nacional, aline\u00e1ndose con la Convenci\u00f3n sobre los Derechos de las Personas con Discapacidad de la Organizaci\u00f3n de las Naciones Unidas (ONU).<\/p>\n<p>Se\u00f1al\u00f3 que, a pesar de la existencia de la Ley de Equidad y Desarrollo Integral para las Personas con Discapacidad (Decreto No. 160- 2005), el pa\u00eds sigue enfrentando grandes desaf\u00edos en la implementaci\u00f3n de pol\u00edticas efectivas y en la adecuaci\u00f3n de su legislaci\u00f3n a los principios internacionales.<\/p>\n<p>Fuente: La Tribuna<\/p>\n<div class=\"fs-dynamic\">\n<div><\/div>\n<\/div>\n<\/div>\n<\/div>\n<\/div>\n<\/div>\n","protected":false},"excerpt":{"rendered":"<p>16.10.2024 En un esfuerzo conjunto por garantizar los derechos humanos y promover la plena inclusi\u00f3n de las personas con discapacidad en Honduras, la Federaci\u00f3n Nacional de Madres, Padres y Familias de Personas con Discapacidad de Honduras (Fenapapedish) present\u00f3 la campa\u00f1a nacional \u201cDiscapacidad que nos complementa\u201d. La campa\u00f1a tiene por objetivo sensibilizar a la sociedad hondure\u00f1a &hellip;<\/p>\n","protected":false},"author":0,"featured_media":80724,"comment_status":"open","ping_status":"open","sticky":false,"template":"","format":"standard","meta":{"_jetpack_memberships_contains_paid_content":false,"footnotes":""},"categories":[5],"tags":[],"class_list":["post-80723","post","type-post","status-publish","format-standard","has-post-thumbnail","","category-noticias"],"jetpack_sharing_enabled":true,"jetpack_featured_media_url":"https:\/\/mickyandoniehn.com\/radio\/wp-content\/uploads\/2024\/10\/instan-a-aprobar-ley-para-inclusion-de-personas-con-discapacidad-1-696x356-1-maX4oz.jpeg","_links":{"self":[{"href":"https:\/\/mickyandoniehn.com\/radio\/wp-json\/wp\/v2\/posts\/80723","targetHints":{"allow":["GET"]}}],"collection":[{"href":"https:\/\/mickyandoniehn.com\/radio\/wp-json\/wp\/v2\/posts"}],"about":[{"href":"https:\/\/mickyandoniehn.com\/radio\/wp-json\/wp\/v2\/types\/post"}],"replies":[{"embeddable":true,"href":"https:\/\/mickyandoniehn.com\/radio\/wp-json\/wp\/v2\/comments?post=80723"}],"version-history":[{"count":0,"href":"https:\/\/mickyandoniehn.com\/radio\/wp-json\/wp\/v2\/posts\/80723\/revisions"}],"wp:featuredmedia":[{"embeddable":true,"href":"https:\/\/mickyandoniehn.com\/radio\/wp-json\/wp\/v2\/media\/80724"}],"wp:attachment":[{"href":"https:\/\/mickyandoniehn.com\/radio\/wp-json\/wp\/v2\/media?parent=80723"}],"wp:term":[{"taxonomy":"category","embeddable":true,"href":"https:\/\/mickyandoniehn.com\/radio\/wp-json\/wp\/v2\/categories?post=80723"},{"taxonomy":"post_tag","embeddable":true,"href":"https:\/\/mickyandoniehn.com\/radio\/wp-json\/wp\/v2\/tags?post=80723"}],"curies":[{"name":"wp","href":"https:\/\/api.w.org\/{rel}","templated":true}]}}