{"id":80715,"date":"2024-10-16T08:12:49","date_gmt":"2024-10-16T14:12:49","guid":{"rendered":"http:\/\/mickyandoniehn.com\/radio\/2024\/10\/16\/impacta-el-cafe-hondureno-en-cata-internacional-en-beijing\/"},"modified":"2024-10-16T08:12:49","modified_gmt":"2024-10-16T14:12:49","slug":"impacta-el-cafe-hondureno-en-cata-internacional-en-beijing","status":"publish","type":"post","link":"https:\/\/mickyandoniehn.com\/radio\/2024\/10\/16\/impacta-el-cafe-hondureno-en-cata-internacional-en-beijing\/","title":{"rendered":"Impacta el caf\u00e9 hondure\u00f1o en cata internacional en Beijing"},"content":{"rendered":"<p>16.10.2024<\/p>\n<\/p>\n<p>La embajada de Honduras en China organiz\u00f3 una destacada cata de caf\u00e9 hondure\u00f1o en colaboraci\u00f3n con el Beijing International Coffee Center (BJICC) y Caf\u00e9 Culture, con el objetivo de posicionar el caf\u00e9 hondure\u00f1o como un producto de excelencia en el mercado chino.<\/p>\n<p>El evento fue un \u00e9xito, atrayendo a due\u00f1os de cafeter\u00edas, distribuidores e importadores de caf\u00e9, quienes pudieron apreciar la frescura y calidad del caf\u00e9 hondure\u00f1o, reci\u00e9n tostado a partir de granos verdes.<\/p>\n<p>Beijing, reconocida como una de las principales ciudades consumidoras de caf\u00e9 en China, compite con metr\u00f3polis globales como Nueva York y Tokio en t\u00e9rminos de demanda del grano. La elecci\u00f3n de esta ciudad para llevar a cabo el evento reafirma el compromiso de Honduras con la expansi\u00f3n de su presencia en el mercado chino y la promoci\u00f3n del caf\u00e9 hondure\u00f1o como un producto distintivo y de alta calidad.<\/p>\n<p><a href=\"https:\/\/i2.wp.com\/web.latribuna.hn\/wp-content\/uploads\/2024\/10\/impacta-el-cafe-hondureno-en-cata-internacional-en-beijing-2.jpg?ssl=1\"><\/a>El evento cont\u00f3 con la participaci\u00f3n de Maritza Midence, gerente de Highland Coffee.<\/p>\n<p>El evento cont\u00f3 con la participaci\u00f3n de Maritza Midence, gerente de Highland Coffee, agencia comercializadora de caf\u00e9 hondure\u00f1o, quien lider\u00f3 la sesi\u00f3n de degustaci\u00f3n y realiz\u00f3 una disertaci\u00f3n sobre la historia, presente y perspectivas del caf\u00e9 en el pa\u00eds y en los mercados internacionales. Midence present\u00f3 cinco muestras de caf\u00e9s especiales provenientes de la provincia de Santa B\u00e1rbara, destac\u00e1ndose entre ellos el ganador de la Taza de Excelencia 2024, el caf\u00e9 de la finca La Salsa, producido por Benjam\u00edn Paz, un s\u00edmbolo del nivel excepcional que ha alcanzado la producci\u00f3n cafetera hondure\u00f1a.<\/p>\n<p>Fuente: La Tribuna<\/p>\n","protected":false},"excerpt":{"rendered":"<p>16.10.2024 La embajada de Honduras en China organiz\u00f3 una destacada cata de caf\u00e9 hondure\u00f1o en colaboraci\u00f3n con el Beijing International Coffee Center (BJICC) y Caf\u00e9 Culture, con el objetivo de posicionar el caf\u00e9 hondure\u00f1o como un producto de excelencia en el mercado chino. El evento fue un \u00e9xito, atrayendo a due\u00f1os de cafeter\u00edas, distribuidores e &hellip;<\/p>\n","protected":false},"author":0,"featured_media":80716,"comment_status":"open","ping_status":"open","sticky":false,"template":"","format":"standard","meta":{"_jetpack_memberships_contains_paid_content":false,"footnotes":""},"categories":[5],"tags":[],"class_list":["post-80715","post","type-post","status-publish","format-standard","has-post-thumbnail","","category-noticias"],"jetpack_sharing_enabled":true,"jetpack_featured_media_url":"https:\/\/mickyandoniehn.com\/radio\/wp-content\/uploads\/2024\/10\/impacta-el-cafe-hondureno-en-cata-internacional-en-beijing-1-696x356-1-b0Meja.jpeg","_links":{"self":[{"href":"https:\/\/mickyandoniehn.com\/radio\/wp-json\/wp\/v2\/posts\/80715","targetHints":{"allow":["GET"]}}],"collection":[{"href":"https:\/\/mickyandoniehn.com\/radio\/wp-json\/wp\/v2\/posts"}],"about":[{"href":"https:\/\/mickyandoniehn.com\/radio\/wp-json\/wp\/v2\/types\/post"}],"replies":[{"embeddable":true,"href":"https:\/\/mickyandoniehn.com\/radio\/wp-json\/wp\/v2\/comments?post=80715"}],"version-history":[{"count":0,"href":"https:\/\/mickyandoniehn.com\/radio\/wp-json\/wp\/v2\/posts\/80715\/revisions"}],"wp:featuredmedia":[{"embeddable":true,"href":"https:\/\/mickyandoniehn.com\/radio\/wp-json\/wp\/v2\/media\/80716"}],"wp:attachment":[{"href":"https:\/\/mickyandoniehn.com\/radio\/wp-json\/wp\/v2\/media?parent=80715"}],"wp:term":[{"taxonomy":"category","embeddable":true,"href":"https:\/\/mickyandoniehn.com\/radio\/wp-json\/wp\/v2\/categories?post=80715"},{"taxonomy":"post_tag","embeddable":true,"href":"https:\/\/mickyandoniehn.com\/radio\/wp-json\/wp\/v2\/tags?post=80715"}],"curies":[{"name":"wp","href":"https:\/\/api.w.org\/{rel}","templated":true}]}}