{"id":80440,"date":"2024-10-09T14:13:13","date_gmt":"2024-10-09T20:13:13","guid":{"rendered":"http:\/\/mickyandoniehn.com\/radio\/2024\/10\/09\/deschamps-y-tchouameni-afirman-que-el-real-madrid-no-presiono-para-no-convocar-a-mbappe\/"},"modified":"2024-10-09T14:13:13","modified_gmt":"2024-10-09T20:13:13","slug":"deschamps-y-tchouameni-afirman-que-el-real-madrid-no-presiono-para-no-convocar-a-mbappe","status":"publish","type":"post","link":"https:\/\/mickyandoniehn.com\/radio\/2024\/10\/09\/deschamps-y-tchouameni-afirman-que-el-real-madrid-no-presiono-para-no-convocar-a-mbappe\/","title":{"rendered":"Deschamps y Tchouam\u00e9ni afirman que el Real Madrid no presion\u00f3 para no convocar a Mbapp\u00e9"},"content":{"rendered":"<p>09.10.2024<\/p>\n<p><strong>Par\u00eds.<\/strong>\u2013 El seleccionador franc\u00e9s, Didier Deschamps, y Aur\u00e9lien Tchouam\u00e9ni afirmaron este mi\u00e9rcoles que el Real Madrid no presion\u00f3 para que no se convocar\u00e1 a Kylian Mbapp\u00e9 para este ciclo de encuentros de selecciones.<\/p>\n<p>\u00abNo hubo una petici\u00f3n. La decisi\u00f3n la tomo yo\u00bb, asegur\u00f3 Deschamps en la conferencia de prensa previa al encuentro que Francia disputar\u00e1 este jueves ante Israel en Budapest dentro de la fase de grupos de la Liga de las Naciones.<\/p>\n<p>El t\u00e9cnico franc\u00e9s recalc\u00f3 que tom\u00f3 la decisi\u00f3n de no convocar a Mbapp\u00e9 \u00abcon los elementos de los que dispon\u00eda\u00bb en ese momento, y se\u00f1al\u00f3 que el atacante jug\u00f3 parte del encuentro de liga del pasado s\u00e1bado ante el Villarreal \u00absin estar al cien por cien\u00bb.<\/p>\n<p>\u00ab\u00bfEs eso bueno para el jugador y para el equipo de Francia? Yo creo que no\u00bb, a\u00f1adi\u00f3 Deschamps, quien recalc\u00f3 que \u00abno son las federaciones quienes pagan a los jugadores\u00bb.<\/p>\n<p>En todo caso, Didier Deschamps recalc\u00f3 que \u00abno es solo el caso del Real Madrid y de Kylian\u00bb.<\/p>\n<p>La pol\u00e9mica lleg\u00f3 tambi\u00e9n a la rueda de prensa del jugador que este jueves llevar\u00e1 el brazalete de capit\u00e1n, el tambi\u00e9n madridista Aur\u00e9lien Tchouam\u00e9ni, quien descart\u00f3 totalmente que haya habido presiones por parte del Real Madrid.<\/p>\n<p>\u00abLo he hablado con Kylian y con Ferland (Mendy) y nunca ha ocurrido. Hay problemas f\u00edsicos, es el caso de Kylian. No hay ning\u00fan tipo de presi\u00f3n por parte del club\u00bb, insisti\u00f3.<\/p>\n<p>Tchouam\u00e9ni reconoci\u00f3 que habl\u00f3 el martes por la noche con Mbapp\u00e9. \u00abPero no hablamos mucho sobre la capitan\u00eda, hablamos de otras cosas\u00bb, dijo. Y es que el centrocampista del Real Madrid ser\u00e1 este jueves el capit\u00e1n franc\u00e9s y el anuncio ha sorprendido a algunos en Francia.<\/p>\n<p>Deschamps explic\u00f3 que eligi\u00f3 al centrocampista del equipo madrile\u00f1o porque considera \u00abque tiene el perfil para asumir esta responsabilidad por su experiencia, incluso si es a\u00fan joven\u00bb, ya que tiene 24 a\u00f1os.<\/p>\n<p>El seleccionador record\u00f3 que \u2018Aurel\u2019 disput\u00f3 con Francia el \u00faltimo Mundial y la reciente Eurocopa. Totaliza 36 encuentros como internacional absoluto con tres goles.<\/p>\n<p>El encuentro de este jueves estar\u00e1 rodeado de enormes medidas de seguridad debido a la situaci\u00f3n en Oriente Medio, y Deschamps pidi\u00f3 que se limite a ser \u00abun partido de f\u00fatbol\u00bb.<\/p>\n<p>\u00abTenemos que asegurarnos de que siga siendo un partido de f\u00fatbol porque lo es. Hay un contexto que evidentemente es muy tenso, pero lamentablemente es una realidad\u00bb, recalc\u00f3.<br \/>\nProceso.hn<\/p>\n","protected":false},"excerpt":{"rendered":"<p>09.10.2024 Par\u00eds.\u2013 El seleccionador franc\u00e9s, Didier Deschamps, y Aur\u00e9lien Tchouam\u00e9ni afirmaron este mi\u00e9rcoles que el Real Madrid no presion\u00f3 para que no se convocar\u00e1 a Kylian Mbapp\u00e9 para este ciclo de encuentros de selecciones. \u00abNo hubo una petici\u00f3n. La decisi\u00f3n la tomo yo\u00bb, asegur\u00f3 Deschamps en la conferencia de prensa previa al encuentro que Francia &hellip;<\/p>\n","protected":false},"author":0,"featured_media":80441,"comment_status":"open","ping_status":"open","sticky":false,"template":"","format":"standard","meta":{"_jetpack_memberships_contains_paid_content":false,"footnotes":""},"categories":[5],"tags":[],"class_list":["post-80440","post","type-post","status-publish","format-standard","has-post-thumbnail","","category-noticias"],"jetpack_sharing_enabled":true,"jetpack_featured_media_url":"https:\/\/mickyandoniehn.com\/radio\/wp-content\/uploads\/2024\/10\/IMG_9045-PrTIp8.jpeg","_links":{"self":[{"href":"https:\/\/mickyandoniehn.com\/radio\/wp-json\/wp\/v2\/posts\/80440","targetHints":{"allow":["GET"]}}],"collection":[{"href":"https:\/\/mickyandoniehn.com\/radio\/wp-json\/wp\/v2\/posts"}],"about":[{"href":"https:\/\/mickyandoniehn.com\/radio\/wp-json\/wp\/v2\/types\/post"}],"replies":[{"embeddable":true,"href":"https:\/\/mickyandoniehn.com\/radio\/wp-json\/wp\/v2\/comments?post=80440"}],"version-history":[{"count":0,"href":"https:\/\/mickyandoniehn.com\/radio\/wp-json\/wp\/v2\/posts\/80440\/revisions"}],"wp:featuredmedia":[{"embeddable":true,"href":"https:\/\/mickyandoniehn.com\/radio\/wp-json\/wp\/v2\/media\/80441"}],"wp:attachment":[{"href":"https:\/\/mickyandoniehn.com\/radio\/wp-json\/wp\/v2\/media?parent=80440"}],"wp:term":[{"taxonomy":"category","embeddable":true,"href":"https:\/\/mickyandoniehn.com\/radio\/wp-json\/wp\/v2\/categories?post=80440"},{"taxonomy":"post_tag","embeddable":true,"href":"https:\/\/mickyandoniehn.com\/radio\/wp-json\/wp\/v2\/tags?post=80440"}],"curies":[{"name":"wp","href":"https:\/\/api.w.org\/{rel}","templated":true}]}}