{"id":79939,"date":"2024-09-19T15:12:50","date_gmt":"2024-09-19T21:12:50","guid":{"rendered":"http:\/\/mickyandoniehn.com\/radio\/2024\/09\/19\/la-fragilidad-y-vulnerabilidad-perjudican-la-salud\/"},"modified":"2024-09-19T15:12:50","modified_gmt":"2024-09-19T21:12:50","slug":"la-fragilidad-y-vulnerabilidad-perjudican-la-salud","status":"publish","type":"post","link":"https:\/\/mickyandoniehn.com\/radio\/2024\/09\/19\/la-fragilidad-y-vulnerabilidad-perjudican-la-salud\/","title":{"rendered":"La fragilidad y vulnerabilidad perjudican la salud"},"content":{"rendered":"<\/p>\n<p>19.09.2024<\/p>\n<p>A medida que las personas envejecen, tanto la\u00a0<strong>fragilidad<\/strong>\u00a0(reserva fisiol\u00f3gica reducida) como la\u00a0<strong>vulnerabilidad social<\/strong>\u00a0(escasez de conexiones sociales, apoyo o interacci\u00f3n adecuadas) se vuelven m\u00e1s comunes y se asocian con consecuencias adversas. Los an\u00e1lisis de las relaciones entre estos constructos pueden verse limitados por la amplia gama de medidas utilizadas para estudiarlos. Un estudio de la Escuela de Salud y Bienestar de la<strong>\u00a0Universidad de Glasgow<\/strong>\u00a0en Reino Unido, tuvo como objetivo explorar esta combinaci\u00f3n yel\u00a0 riesgo de tener\u00a0\u00a0<strong>problemas de salud<\/strong>.<\/p>\n<p>Se realiz\u00f3 una b\u00fasqueda sistem\u00e1tica en la que se sintetiz\u00f3 130 estudios observacionales. La fragilidad, en todos los tipos de evaluaci\u00f3n, se vincul\u00f3 con una mayor soledad y aislamiento social, una percepci\u00f3n insuficiente de apoyo, y una participaci\u00f3n grupal reducida. Cada uno de estos componentes de vulnerabilidad social tambi\u00e9n se relacion\u00f3 con una progresi\u00f3n m\u00e1s r\u00e1pida de la fragilidad y menores probabilidades de mejora. Las combinaciones se asociaron con una mayor mortalidad, una\u00a0<strong>disminuci\u00f3n de la funci\u00f3n f\u00edsica<\/strong>\u00a0y\u00a0<strong>deterioro cognitivo<\/strong>.<\/p>\n<p>Este an\u00e1lisis revela que, la fragilidad y vulnerabilidad social aumentan la mortalidad y el\u00a0<strong>deterioro f\u00edsico y cognitivo<\/strong>\u00a0en la poblaci\u00f3n.<\/p>\n<p>Diarioroat\u00e1n<\/p>\n","protected":false},"excerpt":{"rendered":"<p>19.09.2024 A medida que las personas envejecen, tanto la\u00a0fragilidad\u00a0(reserva fisiol\u00f3gica reducida) como la\u00a0vulnerabilidad social\u00a0(escasez de conexiones sociales, apoyo o interacci\u00f3n adecuadas) se vuelven m\u00e1s comunes y se asocian con consecuencias adversas. Los an\u00e1lisis de las relaciones entre estos constructos pueden verse limitados por la amplia gama de medidas utilizadas para estudiarlos. Un estudio de la &hellip;<\/p>\n","protected":false},"author":0,"featured_media":0,"comment_status":"open","ping_status":"open","sticky":false,"template":"","format":"standard","meta":{"_jetpack_memberships_contains_paid_content":false,"footnotes":""},"categories":[5],"tags":[],"class_list":["post-79939","post","type-post","status-publish","format-standard","","category-noticias"],"jetpack_sharing_enabled":true,"jetpack_featured_media_url":"","_links":{"self":[{"href":"https:\/\/mickyandoniehn.com\/radio\/wp-json\/wp\/v2\/posts\/79939","targetHints":{"allow":["GET"]}}],"collection":[{"href":"https:\/\/mickyandoniehn.com\/radio\/wp-json\/wp\/v2\/posts"}],"about":[{"href":"https:\/\/mickyandoniehn.com\/radio\/wp-json\/wp\/v2\/types\/post"}],"replies":[{"embeddable":true,"href":"https:\/\/mickyandoniehn.com\/radio\/wp-json\/wp\/v2\/comments?post=79939"}],"version-history":[{"count":0,"href":"https:\/\/mickyandoniehn.com\/radio\/wp-json\/wp\/v2\/posts\/79939\/revisions"}],"wp:attachment":[{"href":"https:\/\/mickyandoniehn.com\/radio\/wp-json\/wp\/v2\/media?parent=79939"}],"wp:term":[{"taxonomy":"category","embeddable":true,"href":"https:\/\/mickyandoniehn.com\/radio\/wp-json\/wp\/v2\/categories?post=79939"},{"taxonomy":"post_tag","embeddable":true,"href":"https:\/\/mickyandoniehn.com\/radio\/wp-json\/wp\/v2\/tags?post=79939"}],"curies":[{"name":"wp","href":"https:\/\/api.w.org\/{rel}","templated":true}]}}