{"id":79937,"date":"2024-09-19T14:13:38","date_gmt":"2024-09-19T20:13:38","guid":{"rendered":"http:\/\/mickyandoniehn.com\/radio\/2024\/09\/19\/courtois-no-es-tanto-el-numero-de-partidos-como-la-falta-de-descanso-entre-temporadas\/"},"modified":"2024-09-19T14:13:38","modified_gmt":"2024-09-19T20:13:38","slug":"courtois-no-es-tanto-el-numero-de-partidos-como-la-falta-de-descanso-entre-temporadas","status":"publish","type":"post","link":"https:\/\/mickyandoniehn.com\/radio\/2024\/09\/19\/courtois-no-es-tanto-el-numero-de-partidos-como-la-falta-de-descanso-entre-temporadas\/","title":{"rendered":"Courtois: \u00abNo es tanto el n\u00famero de partidos como la falta de descanso entre temporadas\u00bb"},"content":{"rendered":"<\/p>\n<p><strong>19.09.2024<\/strong><\/p>\n<p><strong>Madrid \u2013 <\/strong>El portero del Real Madrid\u00a0<strong>Thibaut Courtois<\/strong>\u00a0declar\u00f3 este jueves que no es tanto la carga de partidos que hay sino \u00abla falta de descanso\u00bb entre las temporadas lo que desgasta f\u00edsicamente a los jugadores porque los que han llegado a la fase final de la Eurocopa o la Copa Am\u00e9rica solo han tenido \u00abtres semanas de descanso\u00bb.<\/p>\n<p>\u00abNo es necesariamente los partidos sino la falta de descanso de una temporada a otra porque los que han llegado a la fase final de la Eurocopa o la Copa Am\u00e9rica solo tienen tres semanas de vacaciones. En la NBA tienen un calendario exigente, pero luego descansan 4-5 meses\u00bb, expres\u00f3 el belga en la presentaci\u00f3n de su nuevo documental.<\/p>\n<p>Sobre las palabras del exportero Santiago Ca\u00f1izares donde le define como el mejor de la historia, Courtois reconoci\u00f3 que \u00e9l se centra en ayudar al equipo: \u00abAl final esos son palabras mayores. Hay muchas leyendas y yo solo intento ayudar al equipo a ganar partidos\u00bb.<\/p>\n<p>\u00abCuando me retire veremos donde me meten. No siempre voy a ser imbatible, pero al final me siento muy c\u00f3modo y tienen que hacer mucho para que me metan gol\u00bb, a\u00f1adi\u00f3.<\/p>\n<p>El portero, que reconoci\u00f3 que en los entrenamientos le meten goles, habl\u00f3 sobre el momento en el que sufri\u00f3 una rotura del ligamento cruzado anterior de la rodilla izquierda<\/p>\n<p>\u00abCuando escucho mi grito digo por qu\u00e9 he gritado o por qu\u00e9 lloro, pero es el momento que sientes que algo est\u00e1 mal. Ha sido un proceso largo pero el objetivo que tuve lo he cumplido. Dije que iba a volver igual o m\u00e1s fuerte y lo estoy demostrando y estoy contento por eso\u00bb, afirm\u00f3.<\/p>\n","protected":false},"excerpt":{"rendered":"<p>19.09.2024 Madrid \u2013 El portero del Real Madrid\u00a0Thibaut Courtois\u00a0declar\u00f3 este jueves que no es tanto la carga de partidos que hay sino \u00abla falta de descanso\u00bb entre las temporadas lo que desgasta f\u00edsicamente a los jugadores porque los que han llegado a la fase final de la Eurocopa o la Copa Am\u00e9rica solo han tenido &hellip;<\/p>\n","protected":false},"author":0,"featured_media":0,"comment_status":"open","ping_status":"open","sticky":false,"template":"","format":"standard","meta":{"_jetpack_memberships_contains_paid_content":false,"footnotes":""},"categories":[5],"tags":[],"class_list":["post-79937","post","type-post","status-publish","format-standard","","category-noticias"],"jetpack_sharing_enabled":true,"jetpack_featured_media_url":"","_links":{"self":[{"href":"https:\/\/mickyandoniehn.com\/radio\/wp-json\/wp\/v2\/posts\/79937","targetHints":{"allow":["GET"]}}],"collection":[{"href":"https:\/\/mickyandoniehn.com\/radio\/wp-json\/wp\/v2\/posts"}],"about":[{"href":"https:\/\/mickyandoniehn.com\/radio\/wp-json\/wp\/v2\/types\/post"}],"replies":[{"embeddable":true,"href":"https:\/\/mickyandoniehn.com\/radio\/wp-json\/wp\/v2\/comments?post=79937"}],"version-history":[{"count":0,"href":"https:\/\/mickyandoniehn.com\/radio\/wp-json\/wp\/v2\/posts\/79937\/revisions"}],"wp:attachment":[{"href":"https:\/\/mickyandoniehn.com\/radio\/wp-json\/wp\/v2\/media?parent=79937"}],"wp:term":[{"taxonomy":"category","embeddable":true,"href":"https:\/\/mickyandoniehn.com\/radio\/wp-json\/wp\/v2\/categories?post=79937"},{"taxonomy":"post_tag","embeddable":true,"href":"https:\/\/mickyandoniehn.com\/radio\/wp-json\/wp\/v2\/tags?post=79937"}],"curies":[{"name":"wp","href":"https:\/\/api.w.org\/{rel}","templated":true}]}}