{"id":79935,"date":"2024-09-19T14:13:36","date_gmt":"2024-09-19T20:13:36","guid":{"rendered":"http:\/\/mickyandoniehn.com\/radio\/2024\/09\/19\/pueden-expulsar-al-manchester-city-de-todas-las-competiciones\/"},"modified":"2024-09-19T14:13:36","modified_gmt":"2024-09-19T20:13:36","slug":"pueden-expulsar-al-manchester-city-de-todas-las-competiciones","status":"publish","type":"post","link":"https:\/\/mickyandoniehn.com\/radio\/2024\/09\/19\/pueden-expulsar-al-manchester-city-de-todas-las-competiciones\/","title":{"rendered":"\u00bfPueden expulsar al Manchester City de todas las competiciones?"},"content":{"rendered":"<\/p>\n<p>19.09.2024<\/p>\n<p><strong>Londres\u00a0<\/strong>\u2013 El diario brit\u00e1nico \u00abThe Telegraph\u00bb public\u00f3 este jueves una noticia con el titular \u00abEl Manchester City podr\u00eda ser expulsado de todas las competiciones, no solo de la Premier League\u00bb, lo que da lugar a la pregunta: \u00bfPuede el City quedarse fuera de todas las competiciones nacionales e internacionales si es culpable de los 115 cargos de los que le acusa la Premier League?<\/p>\n<p>El City, acusado de 115 irregularidades financieras entre 2009 y 2018, se enfrenta desde el lunes a un juicio que durar\u00e1 unas diez semanas, cuyo desenlace se conocer\u00e1 a principios de 2025 y que podr\u00eda derivar desde la absoluci\u00f3n, hasta la multa econ\u00f3mica, la p\u00e9rdida de puntos e incluso el descenso de categor\u00eda.<\/p>\n<p>Esta situaci\u00f3n ha dado lugar a todo tipo de especulaciones y una de ellas es c\u00f3mo le afectar\u00e1 en el resto de competiciones: la FA Cup, la Copa de la Liga, el Mundial de Clubes de la FIFA y la Liga de Campeones.<\/p>\n<p>En el caso de la \u2018Champions\u2019, la entrada en la competici\u00f3n recae en la clasificaci\u00f3n nacional -quedar entre los cuatro primeros- y en la entrega de una invitaci\u00f3n o licencia por parte de la UEFA. Esta invitaci\u00f3n rara vez es motivo de disputa, pero no hace tanto que estuvo en entredicho si la UEFA se la iba a conceder o no al Barcelona por el \u2018caso Negreira\u2019 la temporada pasada. Finalmente, el equipo azulgrana jug\u00f3 la m\u00e1xima competici\u00f3n continental.<\/p>\n<p>En la FA Cup, los estatutos de la misma recogen que un \u00absi un club es admitido en esta competici\u00f3n, pero m\u00e1s tarde es eliminado de la liga en la que compite, el \u2018Professional Game Board\u2019 puede expulsar al equipo de la competici\u00f3n\u00bb. Este consejo est\u00e1 compuesto por representantes de la Premier League y de la English Football League, el organismo que opera desde la Segunda hasta la Cuarta divisi\u00f3n inglesa.<\/p>\n<p>Para la Copa de la Liga, los clubes participantes son aquellos que est\u00e1n en la EFL y en la Premier League, por lo que el City, de no estar en ninguna de estas competiciones, podr\u00eda quedarse fuera.<\/p>\n<p>Y por \u00faltimo est\u00e1 el Mundial de Clubes de la FIFA, que comienza su primera edici\u00f3n en junio del a\u00f1o que viene y cuya regulaci\u00f3n no es p\u00fablica, por lo que no es posible saber c\u00f3mo actuar\u00e1 la FIFA en caso de que un equipo sea sancionado en su propia liga.<\/p>\n<p>Este contexto demuestra que la expulsi\u00f3n del City de todas las competiciones por ahora no deja de ser una de las tantas hip\u00f3tesis de sobrevuelan el juicio del City. Hasta que la comisi\u00f3n independiente que gestiona el caso no tome una decisi\u00f3n y se solucione, si la hubiera, la posible apelaci\u00f3n, ser\u00e1 imposible responder con una mayor exactitud sobre el futuro que aguarda al campe\u00f3n de las \u00faltimas cuatro ligas.<\/p>\n<p>Fuente: Proceso.hn<\/p>\n","protected":false},"excerpt":{"rendered":"<p>19.09.2024 Londres\u00a0\u2013 El diario brit\u00e1nico \u00abThe Telegraph\u00bb public\u00f3 este jueves una noticia con el titular \u00abEl Manchester City podr\u00eda ser expulsado de todas las competiciones, no solo de la Premier League\u00bb, lo que da lugar a la pregunta: \u00bfPuede el City quedarse fuera de todas las competiciones nacionales e internacionales si es culpable de los &hellip;<\/p>\n","protected":false},"author":0,"featured_media":0,"comment_status":"open","ping_status":"open","sticky":false,"template":"","format":"standard","meta":{"_jetpack_memberships_contains_paid_content":false,"footnotes":""},"categories":[5],"tags":[],"class_list":["post-79935","post","type-post","status-publish","format-standard","","category-noticias"],"jetpack_sharing_enabled":true,"jetpack_featured_media_url":"","_links":{"self":[{"href":"https:\/\/mickyandoniehn.com\/radio\/wp-json\/wp\/v2\/posts\/79935","targetHints":{"allow":["GET"]}}],"collection":[{"href":"https:\/\/mickyandoniehn.com\/radio\/wp-json\/wp\/v2\/posts"}],"about":[{"href":"https:\/\/mickyandoniehn.com\/radio\/wp-json\/wp\/v2\/types\/post"}],"replies":[{"embeddable":true,"href":"https:\/\/mickyandoniehn.com\/radio\/wp-json\/wp\/v2\/comments?post=79935"}],"version-history":[{"count":0,"href":"https:\/\/mickyandoniehn.com\/radio\/wp-json\/wp\/v2\/posts\/79935\/revisions"}],"wp:attachment":[{"href":"https:\/\/mickyandoniehn.com\/radio\/wp-json\/wp\/v2\/media?parent=79935"}],"wp:term":[{"taxonomy":"category","embeddable":true,"href":"https:\/\/mickyandoniehn.com\/radio\/wp-json\/wp\/v2\/categories?post=79935"},{"taxonomy":"post_tag","embeddable":true,"href":"https:\/\/mickyandoniehn.com\/radio\/wp-json\/wp\/v2\/tags?post=79935"}],"curies":[{"name":"wp","href":"https:\/\/api.w.org\/{rel}","templated":true}]}}