{"id":79933,"date":"2024-09-19T14:13:32","date_gmt":"2024-09-19T20:13:32","guid":{"rendered":"http:\/\/mickyandoniehn.com\/radio\/2024\/09\/19\/africa-acumula-mas-de-29000-casos-y-738-muertes-por-mpox-desde-principios-de-2024\/"},"modified":"2024-09-19T14:13:32","modified_gmt":"2024-09-19T20:13:32","slug":"africa-acumula-mas-de-29000-casos-y-738-muertes-por-mpox-desde-principios-de-2024","status":"publish","type":"post","link":"https:\/\/mickyandoniehn.com\/radio\/2024\/09\/19\/africa-acumula-mas-de-29000-casos-y-738-muertes-por-mpox-desde-principios-de-2024\/","title":{"rendered":"\u00c1frica acumula m\u00e1s de 29,000 casos y 738 muertes por mpox desde principios de 2024"},"content":{"rendered":"<\/p>\n<p>19.09.2024<\/p>\n<p><strong>Ad\u00eds Abeba\u00a0<\/strong>\u2013 \u00c1frica acumula desde comienzos de 2024 un total de 29,152 casos de mpox (6,105 confirmados) y 738 muertes de esta enfermedad antes conocida como viruela del mono, inform\u00f3 este jueves la agencia de salud p\u00fablica de la Uni\u00f3n Africana (UA), al reconocer que la epidemia \u00abno est\u00e1 bajo control\u00bb.<\/p>\n<p>Seg\u00fan inform\u00f3 en un rueda de prensa telem\u00e1tica el director general de los Centros para el Control y Prevenci\u00f3n de Enfermedades de \u00c1frica (CDC de \u00c1frica), Jean Kaseya, un total de 2,912 casos nuevos se detectaron en la \u00faltima semana, 374 de ellos confirmados.<\/p>\n<p>\u00abTodav\u00eda tenemos personas muriendo de mpox en \u00c1frica. En una semana perdimos 14 personas\u00bb, precis\u00f3 Kaseya respecto a los \u00faltimos siete d\u00edas.<\/p>\n<p>La epidemia ya afecta a quince pa\u00edses de \u00c1frica despu\u00e9s de que Marruecos declarase la semana pasada un brote con tres infecciones sospechosas y una confirmada.<\/p>\n<p>El n\u00famero de casos de la enfermedad este a\u00f1o sigue aumentando en comparaci\u00f3n con el ejercicio anterior.<\/p>\n<p>As\u00ed, la semana pasada se registr\u00f3 un aumento de casos del 177 % respecto al mismo periodo de 2023, mientras que el incremento de muertes se situ\u00f3 en el 38.5 %.<\/p>\n<p>\u00abHoy podemos decir que la mpox no est\u00e1 bajo control en \u00c1frica. Todav\u00eda tenemos este aumento de casos\u00bb, admiti\u00f3 el m\u00e9dico congole\u00f1o, quien subray\u00f3 el \u00abgran desaf\u00edo\u00bb es \u00abla baja tasa de test\u00bb, lo que impide conocer el alcance total de la crisis de la mpox.<\/p>\n<p>El epicentro de la epidemia sigue situ\u00e1ndose en la Rep\u00fablica Democr\u00e1tica del Congo (RDC), donde tienen lugar varios brotes a la vez impulsados por diferentes variantes del virus, y se registra m\u00e1s del 90 % de los casos.<\/p>\n<p>Sobre la respuesta a la crisis, Kaseya se\u00f1al\u00f3 que la vacunaci\u00f3n empez\u00f3 el pasado martes con \u00abgran \u00e9xito\u00bb en Ruanda, el primer pa\u00eds africano en comenzar la inoculaci\u00f3n, si bien no se iniciar\u00e1 en la RDC hasta la primera semana de octubre.<\/p>\n<p>El continente, subray\u00f3, necesita \u00abdiez millones de dosis\u00bb y subray\u00f3 el compromiso de la agencia de salud africana para que \u00ab\u00c1frica tenga al menos\u00bb esa cantidad \u00abpara proteger a nuestra gente\u00bb.<\/p>\n<p>\u00abHoy est\u00e1n comprometidas cuatro millones de dosis, pero necesitamos m\u00e1s\u00bb, advirti\u00f3 el director general, al precisar que se incluyen en esa cifra tres millones de dosis apalabradas con Jap\u00f3n.<\/p>\n<p>Kaseya indic\u00f3 que han prometido vacunas otros pa\u00edses como Francia (100,000), Espa\u00f1a (100,000), Alemania (100,000) y Canad\u00e1 (200,000).<\/p>\n<p>El doctor enfatiz\u00f3 tambi\u00e9n la necesidad de \u00abempezar a fabricar (las vacunas) en \u00c1frica\u00bb y reducir la dependencia exterior.<\/p>\n<p>Los CDC de \u00c1frica declararon el pasado 13 de agosto la mpox como una \u00abemergencia de salud p\u00fablica de seguridad continental\u00bb y, al d\u00eda siguiente la Organizaci\u00f3n Mundial de la Salud (OMS) declar\u00f3 el estado de alerta sanitaria internacional por la enfermedad.<\/p>\n<p>La alarma de la OMS se refiere a la r\u00e1pida expansi\u00f3n y elevada mortalidad en \u00c1frica de la nueva variante (clado 1b), de la cual se identific\u00f3 un primer caso fuera del continente, en Suecia, en una persona que hab\u00eda viajado a una zona de \u00c1frica donde el virus circula con intensidad.<\/p>\n<p>Esa variante es diferente al clado 2, que caus\u00f3 en 2022 un violento brote en \u00c1frica, as\u00ed como cientos de casos en Europa, Norteam\u00e9rica y pa\u00edses de otras regiones, y ya indujo a la declaraci\u00f3n de la emergencia sanitaria internacional entre 2022 y 2023.<\/p>\n<p>Fuente: Proceso.hn<\/p>\n","protected":false},"excerpt":{"rendered":"<p>19.09.2024 Ad\u00eds Abeba\u00a0\u2013 \u00c1frica acumula desde comienzos de 2024 un total de 29,152 casos de mpox (6,105 confirmados) y 738 muertes de esta enfermedad antes conocida como viruela del mono, inform\u00f3 este jueves la agencia de salud p\u00fablica de la Uni\u00f3n Africana (UA), al reconocer que la epidemia \u00abno est\u00e1 bajo control\u00bb. Seg\u00fan inform\u00f3 en &hellip;<\/p>\n","protected":false},"author":0,"featured_media":0,"comment_status":"open","ping_status":"open","sticky":false,"template":"","format":"standard","meta":{"_jetpack_memberships_contains_paid_content":false,"footnotes":""},"categories":[5],"tags":[],"class_list":["post-79933","post","type-post","status-publish","format-standard","","category-noticias"],"jetpack_sharing_enabled":true,"jetpack_featured_media_url":"","_links":{"self":[{"href":"https:\/\/mickyandoniehn.com\/radio\/wp-json\/wp\/v2\/posts\/79933","targetHints":{"allow":["GET"]}}],"collection":[{"href":"https:\/\/mickyandoniehn.com\/radio\/wp-json\/wp\/v2\/posts"}],"about":[{"href":"https:\/\/mickyandoniehn.com\/radio\/wp-json\/wp\/v2\/types\/post"}],"replies":[{"embeddable":true,"href":"https:\/\/mickyandoniehn.com\/radio\/wp-json\/wp\/v2\/comments?post=79933"}],"version-history":[{"count":0,"href":"https:\/\/mickyandoniehn.com\/radio\/wp-json\/wp\/v2\/posts\/79933\/revisions"}],"wp:attachment":[{"href":"https:\/\/mickyandoniehn.com\/radio\/wp-json\/wp\/v2\/media?parent=79933"}],"wp:term":[{"taxonomy":"category","embeddable":true,"href":"https:\/\/mickyandoniehn.com\/radio\/wp-json\/wp\/v2\/categories?post=79933"},{"taxonomy":"post_tag","embeddable":true,"href":"https:\/\/mickyandoniehn.com\/radio\/wp-json\/wp\/v2\/tags?post=79933"}],"curies":[{"name":"wp","href":"https:\/\/api.w.org\/{rel}","templated":true}]}}