{"id":79931,"date":"2024-09-19T14:13:29","date_gmt":"2024-09-19T20:13:29","guid":{"rendered":"http:\/\/mickyandoniehn.com\/radio\/2024\/09\/19\/viceministra-de-desarrollo-canasta-basica-ronda-los-l12-mil\/"},"modified":"2024-09-19T14:13:29","modified_gmt":"2024-09-19T20:13:29","slug":"viceministra-de-desarrollo-canasta-basica-ronda-los-l12-mil","status":"publish","type":"post","link":"https:\/\/mickyandoniehn.com\/radio\/2024\/09\/19\/viceministra-de-desarrollo-canasta-basica-ronda-los-l12-mil\/","title":{"rendered":"Viceministra de desarrollo: Canasta b\u00e1sica ronda los L12 mil"},"content":{"rendered":"<\/p>\n<p>19.09.2024<\/p>\n<p>La viceministra de la Secretar\u00eda de Desarrollo Econ\u00f3mico, Cinthya Arteaga, manifest\u00f3 que se est\u00e1 combatiendo el incremento de los precios de productos de la canasta b\u00e1sica, entre otros para el \u00faltimo trimestre del a\u00f1o.<\/p>\n<p>\u201cLo primero ser\u00eda el tema de monitoreo constante de precios, la semana pasada se hizo el lanzamiento de la Estrategia Nacional de Comercializaci\u00f3n Agr\u00edcola, se est\u00e1 trabajando fuertemente para implementarla\u201d, dijo.<\/p>\n<p>\u201cYa se est\u00e1n haciendo operativos con el Ministerio P\u00fablico, ARSA, Protecci\u00f3n al Consumidor y SENASA hacen fuertes acciones y requerimientos para la exigencia de la factura en el proceso de compra y venta, esto con car\u00e1cter de urgencia\u201d, agreg\u00f3.<\/p>\n<p>\u201cCon esto podemos mitigar y disminuir los efectos inflacionarios y especulativos que se dan en los mercados, esto es sensible porque al final quien va a cargar con ese aumento es el consumidor\u201d, coment\u00f3.<\/p>\n<p>\u201cSiempre tenemos escasos recursos para trabajar en la din\u00e1mica de monitoreo y pol\u00edticas, pero se est\u00e1 haciendo fuerte acercamiento con el SAR para que haya una exigencia en cuanto a facturas\u201d, expres\u00f3.<\/p>\n<p>\u201cEn este momento el precio de la canasta b\u00e1sica anda alrededor de 12 mil lempiras mensuales, a nivel semanal 5 mil lempiras para 5 personas, que incluye 30 productos\u201d, se\u00f1al\u00f3.<\/p>\n<p>Fuente: Diarioroat\u00e1n<\/p>\n","protected":false},"excerpt":{"rendered":"<p>19.09.2024 La viceministra de la Secretar\u00eda de Desarrollo Econ\u00f3mico, Cinthya Arteaga, manifest\u00f3 que se est\u00e1 combatiendo el incremento de los precios de productos de la canasta b\u00e1sica, entre otros para el \u00faltimo trimestre del a\u00f1o. \u201cLo primero ser\u00eda el tema de monitoreo constante de precios, la semana pasada se hizo el lanzamiento de la Estrategia &hellip;<\/p>\n","protected":false},"author":0,"featured_media":0,"comment_status":"open","ping_status":"open","sticky":false,"template":"","format":"standard","meta":{"_jetpack_memberships_contains_paid_content":false,"footnotes":""},"categories":[5],"tags":[],"class_list":["post-79931","post","type-post","status-publish","format-standard","","category-noticias"],"jetpack_sharing_enabled":true,"jetpack_featured_media_url":"","_links":{"self":[{"href":"https:\/\/mickyandoniehn.com\/radio\/wp-json\/wp\/v2\/posts\/79931","targetHints":{"allow":["GET"]}}],"collection":[{"href":"https:\/\/mickyandoniehn.com\/radio\/wp-json\/wp\/v2\/posts"}],"about":[{"href":"https:\/\/mickyandoniehn.com\/radio\/wp-json\/wp\/v2\/types\/post"}],"replies":[{"embeddable":true,"href":"https:\/\/mickyandoniehn.com\/radio\/wp-json\/wp\/v2\/comments?post=79931"}],"version-history":[{"count":0,"href":"https:\/\/mickyandoniehn.com\/radio\/wp-json\/wp\/v2\/posts\/79931\/revisions"}],"wp:attachment":[{"href":"https:\/\/mickyandoniehn.com\/radio\/wp-json\/wp\/v2\/media?parent=79931"}],"wp:term":[{"taxonomy":"category","embeddable":true,"href":"https:\/\/mickyandoniehn.com\/radio\/wp-json\/wp\/v2\/categories?post=79931"},{"taxonomy":"post_tag","embeddable":true,"href":"https:\/\/mickyandoniehn.com\/radio\/wp-json\/wp\/v2\/tags?post=79931"}],"curies":[{"name":"wp","href":"https:\/\/api.w.org\/{rel}","templated":true}]}}