{"id":79899,"date":"2024-09-18T07:12:46","date_gmt":"2024-09-18T13:12:46","guid":{"rendered":"http:\/\/mickyandoniehn.com\/radio\/2024\/09\/18\/el-dia-mundial-de-las-playas-se-celebran-cada-ano-el-18-de-septiembre\/"},"modified":"2024-09-18T07:12:46","modified_gmt":"2024-09-18T13:12:46","slug":"el-dia-mundial-de-las-playas-se-celebran-cada-ano-el-18-de-septiembre","status":"publish","type":"post","link":"https:\/\/mickyandoniehn.com\/radio\/2024\/09\/18\/el-dia-mundial-de-las-playas-se-celebran-cada-ano-el-18-de-septiembre\/","title":{"rendered":"El D\u00eda Mundial de las Playas se celebran cada a\u00f1o el 18 de septiembre"},"content":{"rendered":"<\/p>\n<p>El D\u00eda Mundial de las Playas se celebran cada a\u00f1o el 18 de septiembre para concienciar a las poblaciones sobre el cuidado de las playas. Este fecha se origin\u00f3 en el a\u00f1o 1986 como parte de un movimiento ambientalista del Centro de Conservaci\u00f3n Marina de los Estados Unidos para evitar una cat\u00e1strofe ecol\u00f3gica marina.<\/p>\n<p>Una playa es un deposito de sedimentos no consolidados a lo largo de la costa de un oc\u00e9ano, mar, lago o r\u00edo. Por lo general, est\u00e1n compuestos de arena, grava, guijarros y materiales de origen biol\u00f3gico como conchas de moluscos.<\/p>\n<p>Las playas son t\u00edpicamente valoradas por su belleza virgen y naturaleza preservada.<\/p>\n<p>Muchas playas son populares destinos tur\u00edsticos y recreativos, y cuentan con diferentes estructuras hechas por el hombre como puestos de salvavidas, vestuarios, restaurantes y hoteles.<\/p>\n<p>En el D\u00eda Mundial de las Playas, se realizan diversas actividades para educar a las personas sobre la protecci\u00f3n de las playas. Adem\u00e1s, hacen operativos de limpieza en que personas comprometidas se re\u00fanen para limpiar las playas de su localidad, retirando basura y residuos que amenazan la belleza natural y la vida natural.<\/p>\n<p>Fuente: conectate.com<\/p>\n","protected":false},"excerpt":{"rendered":"<p>El D\u00eda Mundial de las Playas se celebran cada a\u00f1o el 18 de septiembre para concienciar a las poblaciones sobre el cuidado de las playas. Este fecha se origin\u00f3 en el a\u00f1o 1986 como parte de un movimiento ambientalista del Centro de Conservaci\u00f3n Marina de los Estados Unidos para evitar una cat\u00e1strofe ecol\u00f3gica marina. Una &hellip;<\/p>\n","protected":false},"author":0,"featured_media":0,"comment_status":"open","ping_status":"open","sticky":false,"template":"","format":"standard","meta":{"_jetpack_memberships_contains_paid_content":false,"footnotes":""},"categories":[5],"tags":[],"class_list":["post-79899","post","type-post","status-publish","format-standard","","category-noticias"],"jetpack_sharing_enabled":true,"jetpack_featured_media_url":"","_links":{"self":[{"href":"https:\/\/mickyandoniehn.com\/radio\/wp-json\/wp\/v2\/posts\/79899","targetHints":{"allow":["GET"]}}],"collection":[{"href":"https:\/\/mickyandoniehn.com\/radio\/wp-json\/wp\/v2\/posts"}],"about":[{"href":"https:\/\/mickyandoniehn.com\/radio\/wp-json\/wp\/v2\/types\/post"}],"replies":[{"embeddable":true,"href":"https:\/\/mickyandoniehn.com\/radio\/wp-json\/wp\/v2\/comments?post=79899"}],"version-history":[{"count":0,"href":"https:\/\/mickyandoniehn.com\/radio\/wp-json\/wp\/v2\/posts\/79899\/revisions"}],"wp:attachment":[{"href":"https:\/\/mickyandoniehn.com\/radio\/wp-json\/wp\/v2\/media?parent=79899"}],"wp:term":[{"taxonomy":"category","embeddable":true,"href":"https:\/\/mickyandoniehn.com\/radio\/wp-json\/wp\/v2\/categories?post=79899"},{"taxonomy":"post_tag","embeddable":true,"href":"https:\/\/mickyandoniehn.com\/radio\/wp-json\/wp\/v2\/tags?post=79899"}],"curies":[{"name":"wp","href":"https:\/\/api.w.org\/{rel}","templated":true}]}}