{"id":79878,"date":"2024-09-17T08:12:56","date_gmt":"2024-09-17T14:12:56","guid":{"rendered":"http:\/\/mickyandoniehn.com\/radio\/2024\/09\/17\/honduras-celebra-el-dia-del-maestro-en-medio-de-desafios-educativos\/"},"modified":"2024-09-17T08:12:56","modified_gmt":"2024-09-17T14:12:56","slug":"honduras-celebra-el-dia-del-maestro-en-medio-de-desafios-educativos","status":"publish","type":"post","link":"https:\/\/mickyandoniehn.com\/radio\/2024\/09\/17\/honduras-celebra-el-dia-del-maestro-en-medio-de-desafios-educativos\/","title":{"rendered":"Honduras celebra el D\u00eda del Maestro en medio de desaf\u00edos educativos"},"content":{"rendered":"<\/p>\n<p>17.09.2024<\/p>\n<p><strong>Tegucigalpa<\/strong>-Honduras conmemora este 17 de septiembre el D\u00eda del Maestro, una fecha dedicada a reconocer la labor de quienes han formado generaciones y siguen formando las futuras generaciones del pa\u00eds.<\/p>\n<p>Sin embargo, la celebraci\u00f3n se da en medio de serios desaf\u00edos en el sistema educativo, que han sido resaltados por diferentes gremios docentes, todav\u00eda hay muchas escuelas bidocentes en Honduras y los maestros atienden un promedio de 40 estudiantes en un aula.<\/p>\n<p>En la actualidad se ve una brecha en el gremio por las reformas del Inprema, unos a favor y otros en contra, sin embargo, se espera que puedan llegar a acuerdos favorables para todo el gremio.<\/p>\n<p>Algunos dirigentes magisteriales han reiterado su preocupaci\u00f3n por la falta de recursos, la infraestructura deteriorada en muchas escuelas y los bajos salarios que, aseguran, no compensan el esfuerzo que realizan. \u201cSe debe dignificar la carrera del docente\u201d, dijo el dirigente Joel Navarrete.<\/p>\n<p>Los docentes coinciden que no se puede seguir educando en las mismas condiciones que hace d\u00e9cadas, mientras el mundo avanza y los problemas en la educaci\u00f3n se agravan.\u00a0Asimismo, los docentes exigen acciones concretas y aseguran que el discurso no basta ante las necesidades urgentes.<\/p>\n<p>Otro de los problemas que enfrentan los docentes es un contexto de violencia y se piden acciones para mejorar las condiciones laborales en el sector educativo.<\/p>\n<p>En paralelo, diversos sectores de la sociedad hondure\u00f1a han expresado su admiraci\u00f3n por la dedicaci\u00f3n de los maestros, a pesar de las dif\u00edciles circunstancias. Son h\u00e9roes silenciosos que, a pesar de todo, siguen ense\u00f1ando y creyendo en un mejor futuro para nuestros hijos, dijo un padre de familia entrevistado.<\/p>\n<p>Mientras tanto, la expectativa sigue siendo que el gobierno y las autoridades educativas tomen medidas para mejorar las condiciones del sector, ya que los maestros contin\u00faan siendo una pieza clave para el desarrollo del pa\u00eds.<\/p>\n<p>Fuente: Proceso Digital<\/p>\n","protected":false},"excerpt":{"rendered":"<p>17.09.2024 Tegucigalpa-Honduras conmemora este 17 de septiembre el D\u00eda del Maestro, una fecha dedicada a reconocer la labor de quienes han formado generaciones y siguen formando las futuras generaciones del pa\u00eds. Sin embargo, la celebraci\u00f3n se da en medio de serios desaf\u00edos en el sistema educativo, que han sido resaltados por diferentes gremios docentes, todav\u00eda &hellip;<\/p>\n","protected":false},"author":0,"featured_media":0,"comment_status":"open","ping_status":"open","sticky":false,"template":"","format":"standard","meta":{"_jetpack_memberships_contains_paid_content":false,"footnotes":""},"categories":[5],"tags":[],"class_list":["post-79878","post","type-post","status-publish","format-standard","","category-noticias"],"jetpack_sharing_enabled":true,"jetpack_featured_media_url":"","_links":{"self":[{"href":"https:\/\/mickyandoniehn.com\/radio\/wp-json\/wp\/v2\/posts\/79878","targetHints":{"allow":["GET"]}}],"collection":[{"href":"https:\/\/mickyandoniehn.com\/radio\/wp-json\/wp\/v2\/posts"}],"about":[{"href":"https:\/\/mickyandoniehn.com\/radio\/wp-json\/wp\/v2\/types\/post"}],"replies":[{"embeddable":true,"href":"https:\/\/mickyandoniehn.com\/radio\/wp-json\/wp\/v2\/comments?post=79878"}],"version-history":[{"count":0,"href":"https:\/\/mickyandoniehn.com\/radio\/wp-json\/wp\/v2\/posts\/79878\/revisions"}],"wp:attachment":[{"href":"https:\/\/mickyandoniehn.com\/radio\/wp-json\/wp\/v2\/media?parent=79878"}],"wp:term":[{"taxonomy":"category","embeddable":true,"href":"https:\/\/mickyandoniehn.com\/radio\/wp-json\/wp\/v2\/categories?post=79878"},{"taxonomy":"post_tag","embeddable":true,"href":"https:\/\/mickyandoniehn.com\/radio\/wp-json\/wp\/v2\/tags?post=79878"}],"curies":[{"name":"wp","href":"https:\/\/api.w.org\/{rel}","templated":true}]}}