{"id":79843,"date":"2024-09-13T16:13:51","date_gmt":"2024-09-13T22:13:51","guid":{"rendered":"http:\/\/mickyandoniehn.com\/radio\/2024\/09\/13\/anuncian-plan-de-renovacion-del-sector-cafetalero-en-honduras\/"},"modified":"2024-09-13T16:13:51","modified_gmt":"2024-09-13T22:13:51","slug":"anuncian-plan-de-renovacion-del-sector-cafetalero-en-honduras","status":"publish","type":"post","link":"https:\/\/mickyandoniehn.com\/radio\/2024\/09\/13\/anuncian-plan-de-renovacion-del-sector-cafetalero-en-honduras\/","title":{"rendered":"Anuncian plan de renovaci\u00f3n del sector cafetalero en Honduras"},"content":{"rendered":"<p>13.09.2024<\/p>\n<p><strong>Tegucigalpa-<\/strong>El viceministro de Agricultura para el sector caf\u00e9, Carlos Murillo, destac\u00f3 los desaf\u00edos que ha enfrentado el cultivo del caf\u00e9 en Honduras en los \u00faltimos seis a\u00f1os, por lo que se necesitan acciones para mejorar.<\/p>\n<p>Seg\u00fan el funcionario, a pesar de que el caf\u00e9 sigue siendo el rubro de mayor exportaci\u00f3n del pa\u00eds y uno de los principales generadores de divisas, la producci\u00f3n se ha visto afectada por el envejecimiento de las plantaciones y otros factores adversos.<\/p>\n<p>Murillo explic\u00f3 que, actualmente, muchas fincas cafetaleras tienen cultivos de m\u00e1s de 17 a\u00f1os, lo que ha provocado que la producci\u00f3n promedio por manzana se haya reducido a entre 15 y 16 quintales. Frente a esta situaci\u00f3n, el gobierno ha implementado el Plan Nacional de Renovaci\u00f3n de Fincas Cafetaleras, cuyo objetivo es revitalizar el sector mediante la renovaci\u00f3n del parque cafetalero nacional.<\/p>\n<p>\u00abEste a\u00f1o ya hemos producido 20 millones de plantas de caf\u00e9, con una inversi\u00f3n superior a los 40 millones de lempiras, gracias a convenios con municipalidades, la Secretar\u00eda de Agricultura y Ganader\u00eda, y el Instituto Hondure\u00f1o del Caf\u00e9 (IHCAFE)\u00bb, afirm\u00f3 Morillo, a\u00f1adiendo que el proyecto ya ha generado m\u00e1s de 2,000 empleos a nivel nacional.<\/p>\n<p>\u00a0<\/p>\n<p>fuente: proceso digital<\/p>\n","protected":false},"excerpt":{"rendered":"<p>13.09.2024 Tegucigalpa-El viceministro de Agricultura para el sector caf\u00e9, Carlos Murillo, destac\u00f3 los desaf\u00edos que ha enfrentado el cultivo del caf\u00e9 en Honduras en los \u00faltimos seis a\u00f1os, por lo que se necesitan acciones para mejorar. Seg\u00fan el funcionario, a pesar de que el caf\u00e9 sigue siendo el rubro de mayor exportaci\u00f3n del pa\u00eds y &hellip;<\/p>\n","protected":false},"author":0,"featured_media":0,"comment_status":"open","ping_status":"open","sticky":false,"template":"","format":"standard","meta":{"_jetpack_memberships_contains_paid_content":false,"footnotes":""},"categories":[5],"tags":[],"class_list":["post-79843","post","type-post","status-publish","format-standard","","category-noticias"],"jetpack_sharing_enabled":true,"jetpack_featured_media_url":"","_links":{"self":[{"href":"https:\/\/mickyandoniehn.com\/radio\/wp-json\/wp\/v2\/posts\/79843","targetHints":{"allow":["GET"]}}],"collection":[{"href":"https:\/\/mickyandoniehn.com\/radio\/wp-json\/wp\/v2\/posts"}],"about":[{"href":"https:\/\/mickyandoniehn.com\/radio\/wp-json\/wp\/v2\/types\/post"}],"replies":[{"embeddable":true,"href":"https:\/\/mickyandoniehn.com\/radio\/wp-json\/wp\/v2\/comments?post=79843"}],"version-history":[{"count":0,"href":"https:\/\/mickyandoniehn.com\/radio\/wp-json\/wp\/v2\/posts\/79843\/revisions"}],"wp:attachment":[{"href":"https:\/\/mickyandoniehn.com\/radio\/wp-json\/wp\/v2\/media?parent=79843"}],"wp:term":[{"taxonomy":"category","embeddable":true,"href":"https:\/\/mickyandoniehn.com\/radio\/wp-json\/wp\/v2\/categories?post=79843"},{"taxonomy":"post_tag","embeddable":true,"href":"https:\/\/mickyandoniehn.com\/radio\/wp-json\/wp\/v2\/tags?post=79843"}],"curies":[{"name":"wp","href":"https:\/\/api.w.org\/{rel}","templated":true}]}}