{"id":79829,"date":"2024-09-13T08:13:04","date_gmt":"2024-09-13T14:13:04","guid":{"rendered":"http:\/\/mickyandoniehn.com\/radio\/2024\/09\/13\/13-de-septiembre-dia-internacional-del-chocolate\/"},"modified":"2024-09-13T08:13:04","modified_gmt":"2024-09-13T14:13:04","slug":"13-de-septiembre-dia-internacional-del-chocolate","status":"publish","type":"post","link":"https:\/\/mickyandoniehn.com\/radio\/2024\/09\/13\/13-de-septiembre-dia-internacional-del-chocolate\/","title":{"rendered":"13 de septiembre, D\u00eda Internacional del Chocolate"},"content":{"rendered":"<div class=\"subtitle\"><\/div>\n<div><\/div>\n<div class=\"subtitle\">Esta celebraci\u00f3n ideada por los franceses en el a\u00f1o 1995, honra el nacimiento de dos grandes impulsores del consumo de chocolate en el mundo.<\/div>\n<div><\/div>\n<div class=\"txt_newworld\">\n<p>Desde hace 21 a\u00f1os el chocolate\u00a0tiene su d\u00eda propio y esto se debe a que en esta fecha naci\u00f3 Milton Hershey (1857) fundador de The Hershey Chocolate Company y el escritor brit\u00e1nico Roald Dahl ( 1916), autor de la c\u00e9lebre obra \u201cCharlie y la F\u00e1brica de Chocolate\u201d.<\/p>\n<p>Llamado tambi\u00e9n \u201cel alimento de los dioses\u201d, el chocolate fue llevado a Europa desde Am\u00e9rica y no fue sino hasta principios del siglo XX que se populariz\u00f3 su consumo, esto debido a los bajos costos de producci\u00f3n.<\/p>\n<p><strong>&gt;&gt;El consumo de chocolate mejorar\u00eda tu memoria<\/strong><\/p>\n<p>El chocolate,\u00a0seg\u00fan lo especialistas, estimula la producci\u00f3n de endocrinas\u00a0en el cuerpo que son las encargadas de hacernos sentir alegr\u00eda y amor.<\/p>\n<div><strong>Adem\u00e1s tambi\u00e9n se descubri\u00f3 que las mujeres que se llevan a la boca una barrita de cacao tienen la l\u00edbido m\u00e1s alto\u00a0por contener teomobrina,\u00a0 pero la misma resulta muy mala para las mascotas. \u00a0<\/strong><\/div>\n<p>Los nutricionista y diet\u00f3logos\u00a0recomiendan consumir chocolates con 70 por ciento de cacao, ya que la presencia de az\u00facar y leche puede disminuir sus propiedades beneficiosas para el organismo.<\/p>\n<p>Fuente:<\/p>\n<\/div>\n","protected":false},"excerpt":{"rendered":"<p>Esta celebraci\u00f3n ideada por los franceses en el a\u00f1o 1995, honra el nacimiento de dos grandes impulsores del consumo de chocolate en el mundo. Desde hace 21 a\u00f1os el chocolate\u00a0tiene su d\u00eda propio y esto se debe a que en esta fecha naci\u00f3 Milton Hershey (1857) fundador de The Hershey Chocolate Company y el escritor &hellip;<\/p>\n","protected":false},"author":0,"featured_media":0,"comment_status":"open","ping_status":"open","sticky":false,"template":"","format":"standard","meta":{"_jetpack_memberships_contains_paid_content":false,"footnotes":""},"categories":[5],"tags":[],"class_list":["post-79829","post","type-post","status-publish","format-standard","","category-noticias"],"jetpack_sharing_enabled":true,"jetpack_featured_media_url":"","_links":{"self":[{"href":"https:\/\/mickyandoniehn.com\/radio\/wp-json\/wp\/v2\/posts\/79829","targetHints":{"allow":["GET"]}}],"collection":[{"href":"https:\/\/mickyandoniehn.com\/radio\/wp-json\/wp\/v2\/posts"}],"about":[{"href":"https:\/\/mickyandoniehn.com\/radio\/wp-json\/wp\/v2\/types\/post"}],"replies":[{"embeddable":true,"href":"https:\/\/mickyandoniehn.com\/radio\/wp-json\/wp\/v2\/comments?post=79829"}],"version-history":[{"count":0,"href":"https:\/\/mickyandoniehn.com\/radio\/wp-json\/wp\/v2\/posts\/79829\/revisions"}],"wp:attachment":[{"href":"https:\/\/mickyandoniehn.com\/radio\/wp-json\/wp\/v2\/media?parent=79829"}],"wp:term":[{"taxonomy":"category","embeddable":true,"href":"https:\/\/mickyandoniehn.com\/radio\/wp-json\/wp\/v2\/categories?post=79829"},{"taxonomy":"post_tag","embeddable":true,"href":"https:\/\/mickyandoniehn.com\/radio\/wp-json\/wp\/v2\/tags?post=79829"}],"curies":[{"name":"wp","href":"https:\/\/api.w.org\/{rel}","templated":true}]}}