{"id":79828,"date":"2024-09-13T08:13:03","date_gmt":"2024-09-13T14:13:03","guid":{"rendered":"http:\/\/mickyandoniehn.com\/radio\/2024\/09\/13\/honduras-en-la-historia-13-de-septiembre-1543-se-le-cambia-el-nombre-a-comayagua\/"},"modified":"2024-09-13T08:13:03","modified_gmt":"2024-09-13T14:13:03","slug":"honduras-en-la-historia-13-de-septiembre-1543-se-le-cambia-el-nombre-a-comayagua","status":"publish","type":"post","link":"https:\/\/mickyandoniehn.com\/radio\/2024\/09\/13\/honduras-en-la-historia-13-de-septiembre-1543-se-le-cambia-el-nombre-a-comayagua\/","title":{"rendered":"Honduras en la Historia: 13 de Septiembre 1543, Se le cambia el nombre a Comayagua"},"content":{"rendered":"<p>\u00a0<\/p>\n<\/p>\n<div class=\"xdj266r x11i5rnm xat24cr x1mh8g0r x1vvkbs x126k92a\">\n<div>Honduras en la historia, 13 de Septiembre 1543<\/div>\n<\/div>\n<div class=\"x11i5rnm xat24cr x1mh8g0r x1vvkbs xtlvy1s x126k92a\">\n<div>Se le cambia el nombre a Comayagua<\/div>\n<div><\/div>\n<\/div>\n<div class=\"x11i5rnm xat24cr x1mh8g0r x1vvkbs xtlvy1s x126k92a\">\n<div>El 20 de noviembre de 1542 el Rey Felipe de Espa\u00f1a ordeno que la Real Audiencia de los confines residiera en Santiago de los Caballeros de Comayagua, pero el consejo de indias mando el 13 de septiembre de 1543 que instalaran su sede en las villas de la Concepci\u00f3n de Comayagua en la misma provisi\u00f3n se le da el nombre de la Villa de la Nueva Valladolid de Comayagua en honor a Valladolid de Espa\u00f1a en donde al momento de firmar la carta de fundaci\u00f3n de la audiencia presidia la corte.<\/div>\n<div><\/div>\n<\/div>\n","protected":false},"excerpt":{"rendered":"<p>\u00a0 Honduras en la historia, 13 de Septiembre 1543 Se le cambia el nombre a Comayagua El 20 de noviembre de 1542 el Rey Felipe de Espa\u00f1a ordeno que la Real Audiencia de los confines residiera en Santiago de los Caballeros de Comayagua, pero el consejo de indias mando el 13 de septiembre de 1543 &hellip;<\/p>\n","protected":false},"author":0,"featured_media":0,"comment_status":"open","ping_status":"open","sticky":false,"template":"","format":"standard","meta":{"_jetpack_memberships_contains_paid_content":false,"footnotes":""},"categories":[5],"tags":[],"class_list":["post-79828","post","type-post","status-publish","format-standard","","category-noticias"],"jetpack_sharing_enabled":true,"jetpack_featured_media_url":"","_links":{"self":[{"href":"https:\/\/mickyandoniehn.com\/radio\/wp-json\/wp\/v2\/posts\/79828","targetHints":{"allow":["GET"]}}],"collection":[{"href":"https:\/\/mickyandoniehn.com\/radio\/wp-json\/wp\/v2\/posts"}],"about":[{"href":"https:\/\/mickyandoniehn.com\/radio\/wp-json\/wp\/v2\/types\/post"}],"replies":[{"embeddable":true,"href":"https:\/\/mickyandoniehn.com\/radio\/wp-json\/wp\/v2\/comments?post=79828"}],"version-history":[{"count":0,"href":"https:\/\/mickyandoniehn.com\/radio\/wp-json\/wp\/v2\/posts\/79828\/revisions"}],"wp:attachment":[{"href":"https:\/\/mickyandoniehn.com\/radio\/wp-json\/wp\/v2\/media?parent=79828"}],"wp:term":[{"taxonomy":"category","embeddable":true,"href":"https:\/\/mickyandoniehn.com\/radio\/wp-json\/wp\/v2\/categories?post=79828"},{"taxonomy":"post_tag","embeddable":true,"href":"https:\/\/mickyandoniehn.com\/radio\/wp-json\/wp\/v2\/tags?post=79828"}],"curies":[{"name":"wp","href":"https:\/\/api.w.org\/{rel}","templated":true}]}}