{"id":79819,"date":"2024-09-12T17:12:51","date_gmt":"2024-09-12T23:12:51","guid":{"rendered":"http:\/\/mickyandoniehn.com\/radio\/2024\/09\/12\/h145-los-helicopteros-de-ultima-generacion-que-reforzaran-la-defensa-aerea-de-honduras\/"},"modified":"2024-09-12T17:12:51","modified_gmt":"2024-09-12T23:12:51","slug":"h145-los-helicopteros-de-ultima-generacion-que-reforzaran-la-defensa-aerea-de-honduras","status":"publish","type":"post","link":"https:\/\/mickyandoniehn.com\/radio\/2024\/09\/12\/h145-los-helicopteros-de-ultima-generacion-que-reforzaran-la-defensa-aerea-de-honduras\/","title":{"rendered":"H145: los helic\u00f3pteros de \u00faltima generaci\u00f3n que reforzar\u00e1n la defensa a\u00e9rea de Honduras"},"content":{"rendered":"<p>12.09.2024<\/p>\n<p>Este mes, una misi\u00f3n de la <strong>Fuerza A\u00e9rea Hondure\u00f1a (FAH)<\/strong> viajar\u00e1 a<strong> Alemania<\/strong>. El objetivo: realizar las primeras pruebas de los nuevos <strong>helic\u00f3pteros Airbus H145<\/strong>, los cuales se adquirieron por un valor de <strong>$24,8 millones<\/strong>.<\/p>\n<p>Esta inversi\u00f3n representa un paso importante para la modernizaci\u00f3n de las capacidades a\u00e9reas de Honduras, con la promesa de que el pa\u00eds recibir\u00e1 la versi\u00f3n m\u00e1s actualizada de estas aeronaves, posicion\u00e1ndose como l\u00edder en tecnolog\u00eda a\u00e9rea en la regi\u00f3n.<\/p>\n<div class=\"row\">\n<div class=\"col-md-12\">\n<div class=\"text-center 1625630037460\">\n<div class=\"justify-content-center w-100 banner720\">\n<div><\/div>\n<\/div>\n<\/div>\n<\/div>\n<\/div>\n<p>El comandante de la FAH, general de brigada <strong>Guillermo Rosales<\/strong>, explic\u00f3 el proceso: \u201cLos dos primeros helic\u00f3pteros estar\u00e1n listos en septiembre, pero debemos viajar a Alemania, donde se est\u00e1n fabricando, para realizar los vuelos de prueba y confirmar que cumplen con todas las especificaciones solicitadas por nuestra Fuerza A\u00e9rea\u201d.<\/p>\n<p>Este proyecto forma parte de un plan a largo plazo que comenz\u00f3 en el actual gobierno. El acuerdo estipula la compra de helic\u00f3pteros en fases, con entregas programadas entre <strong>2023 y 2025<\/strong><\/p>\n<p>\u00a0<\/p>\n<p>fuente: Tu Nota<\/p>\n","protected":false},"excerpt":{"rendered":"<p>12.09.2024 Este mes, una misi\u00f3n de la Fuerza A\u00e9rea Hondure\u00f1a (FAH) viajar\u00e1 a Alemania. El objetivo: realizar las primeras pruebas de los nuevos helic\u00f3pteros Airbus H145, los cuales se adquirieron por un valor de $24,8 millones. Esta inversi\u00f3n representa un paso importante para la modernizaci\u00f3n de las capacidades a\u00e9reas de Honduras, con la promesa de &hellip;<\/p>\n","protected":false},"author":0,"featured_media":0,"comment_status":"open","ping_status":"open","sticky":false,"template":"","format":"standard","meta":{"_jetpack_memberships_contains_paid_content":false,"footnotes":""},"categories":[5],"tags":[],"class_list":["post-79819","post","type-post","status-publish","format-standard","","category-noticias"],"jetpack_sharing_enabled":true,"jetpack_featured_media_url":"","_links":{"self":[{"href":"https:\/\/mickyandoniehn.com\/radio\/wp-json\/wp\/v2\/posts\/79819","targetHints":{"allow":["GET"]}}],"collection":[{"href":"https:\/\/mickyandoniehn.com\/radio\/wp-json\/wp\/v2\/posts"}],"about":[{"href":"https:\/\/mickyandoniehn.com\/radio\/wp-json\/wp\/v2\/types\/post"}],"replies":[{"embeddable":true,"href":"https:\/\/mickyandoniehn.com\/radio\/wp-json\/wp\/v2\/comments?post=79819"}],"version-history":[{"count":0,"href":"https:\/\/mickyandoniehn.com\/radio\/wp-json\/wp\/v2\/posts\/79819\/revisions"}],"wp:attachment":[{"href":"https:\/\/mickyandoniehn.com\/radio\/wp-json\/wp\/v2\/media?parent=79819"}],"wp:term":[{"taxonomy":"category","embeddable":true,"href":"https:\/\/mickyandoniehn.com\/radio\/wp-json\/wp\/v2\/categories?post=79819"},{"taxonomy":"post_tag","embeddable":true,"href":"https:\/\/mickyandoniehn.com\/radio\/wp-json\/wp\/v2\/tags?post=79819"}],"curies":[{"name":"wp","href":"https:\/\/api.w.org\/{rel}","templated":true}]}}