{"id":79799,"date":"2024-09-11T11:12:45","date_gmt":"2024-09-11T17:12:45","guid":{"rendered":"http:\/\/mickyandoniehn.com\/radio\/2024\/09\/11\/declaran-alerta-amarilla-por-lluvias-en-varios-municipios-en-el-valle-de-sula\/"},"modified":"2024-09-11T11:12:45","modified_gmt":"2024-09-11T17:12:45","slug":"declaran-alerta-amarilla-por-lluvias-en-varios-municipios-en-el-valle-de-sula","status":"publish","type":"post","link":"https:\/\/mickyandoniehn.com\/radio\/2024\/09\/11\/declaran-alerta-amarilla-por-lluvias-en-varios-municipios-en-el-valle-de-sula\/","title":{"rendered":"Declaran alerta amarilla por lluvias en varios municipios en el Valle de Sula"},"content":{"rendered":"<\/p>\n<p>Tegucigalpa, Honduras.-\u00a0La Secretar\u00eda de Gesti\u00f3n de Riesgos y Contingencias Nacionales (Copeco) declar\u00f3\u00a0alerta amarilla\u00a0para varias comunidades situadas en las partes bajas de los municipios del\u00a0Valle de Sula.<\/p>\n<p>La medida estar\u00e1 vigente por 72 horas ante el notable crecimiento del nivel del r\u00edo Ul\u00faa a causa de las constantes lluvias en el occidente del pa\u00eds.<\/p>\n<p>Pimienta, Villanueva, Potrerillos y San Manuel en Cort\u00e9s; Santa Rita, El Negrito y El Progreso en Yoro; hasta el ramal del Tigre en el municipio de Tela en Atl\u00e1ntida, son los municipios que estar\u00e1n con alerta amarilla.<\/p>\n<div class=\"paragraph\">\n<p>Atl\u00e1ntida, son los municipios que estar\u00e1n con alerta amarilla.<\/p>\n<\/div>\n<div class=\"multimediaMacroWrapper\">\n<div class=\"contentMedia art-img c\">\n<div><\/div>\n<div class=\"cutline-byline\">\n<p>Mapa de alertas de las zonas que se ver\u00e1n afectadas tras las lluvias.<\/p>\n<p>Algunas zonas estar\u00e1n en constante vigilancia para prevenir inundaciones, derrumbes y otros posibles desastres naturales.<\/p>\n<\/div>\n<\/div>\n<\/div>\n<div class=\"paragraph\">\n<p>Los departamentos de Santa B\u00e1rbara, Cop\u00e1n, Ocotepeque, Lempira e Intibuc\u00e1, estar\u00e1n en alerta verde.<\/p>\n<p>Asimismo, los municipios ribere\u00f1os al r\u00edo Chamelec\u00f3n como San Pedro Sula, Choloma y La Lima, hasta la salida de la barra del mismo afluente, se mantienen en alerta verde.<\/p>\n<\/div>\n<div class=\"Article_Text 19837648 8515572\">\n<div class=\"IMG_TIT_LEAD\">\n<div class=\"media-block\">\n<div><\/div>\n<\/div>\n<\/div>\n<\/div>\n<div class=\"paragraph\">\n<p>Seg\u00fan el Centro Nacional de Estudios Atmosf\u00e9ricos, Oceanogr\u00e1ficos y S\u00edsmicos (Cenaos), la convergencia de viento y humedad proveniente del Mar Caribe y Oc\u00e9ano Pac\u00edfico, m\u00e1s el desplazamiento de una onda tropical, producir\u00e1 lluvias y chubascos d\u00e9biles a moderados en la mayor\u00eda del territorio hondure\u00f1o.<\/p>\n<\/div>\n<p>Fuente: El Heraldo<\/p>\n","protected":false},"excerpt":{"rendered":"<p>Tegucigalpa, Honduras.-\u00a0La Secretar\u00eda de Gesti\u00f3n de Riesgos y Contingencias Nacionales (Copeco) declar\u00f3\u00a0alerta amarilla\u00a0para varias comunidades situadas en las partes bajas de los municipios del\u00a0Valle de Sula. La medida estar\u00e1 vigente por 72 horas ante el notable crecimiento del nivel del r\u00edo Ul\u00faa a causa de las constantes lluvias en el occidente del pa\u00eds. Pimienta, Villanueva, &hellip;<\/p>\n","protected":false},"author":0,"featured_media":0,"comment_status":"open","ping_status":"open","sticky":false,"template":"","format":"standard","meta":{"_jetpack_memberships_contains_paid_content":false,"footnotes":""},"categories":[5],"tags":[],"class_list":["post-79799","post","type-post","status-publish","format-standard","","category-noticias"],"jetpack_sharing_enabled":true,"jetpack_featured_media_url":"","_links":{"self":[{"href":"https:\/\/mickyandoniehn.com\/radio\/wp-json\/wp\/v2\/posts\/79799","targetHints":{"allow":["GET"]}}],"collection":[{"href":"https:\/\/mickyandoniehn.com\/radio\/wp-json\/wp\/v2\/posts"}],"about":[{"href":"https:\/\/mickyandoniehn.com\/radio\/wp-json\/wp\/v2\/types\/post"}],"replies":[{"embeddable":true,"href":"https:\/\/mickyandoniehn.com\/radio\/wp-json\/wp\/v2\/comments?post=79799"}],"version-history":[{"count":0,"href":"https:\/\/mickyandoniehn.com\/radio\/wp-json\/wp\/v2\/posts\/79799\/revisions"}],"wp:attachment":[{"href":"https:\/\/mickyandoniehn.com\/radio\/wp-json\/wp\/v2\/media?parent=79799"}],"wp:term":[{"taxonomy":"category","embeddable":true,"href":"https:\/\/mickyandoniehn.com\/radio\/wp-json\/wp\/v2\/categories?post=79799"},{"taxonomy":"post_tag","embeddable":true,"href":"https:\/\/mickyandoniehn.com\/radio\/wp-json\/wp\/v2\/tags?post=79799"}],"curies":[{"name":"wp","href":"https:\/\/api.w.org\/{rel}","templated":true}]}}