{"id":79797,"date":"2024-09-11T11:12:42","date_gmt":"2024-09-11T17:12:42","guid":{"rendered":"http:\/\/mickyandoniehn.com\/radio\/2024\/09\/11\/ninez-de-la-capital-celebra-su-dia-en-el-parque-infantil-de-buen-corazon\/"},"modified":"2024-09-11T11:12:42","modified_gmt":"2024-09-11T17:12:42","slug":"ninez-de-la-capital-celebra-su-dia-en-el-parque-infantil-de-buen-corazon","status":"publish","type":"post","link":"https:\/\/mickyandoniehn.com\/radio\/2024\/09\/11\/ninez-de-la-capital-celebra-su-dia-en-el-parque-infantil-de-buen-corazon\/","title":{"rendered":"Ni\u00f1ez de la capital celebra su d\u00eda en el Parque Infantil de \u201cBuen Coraz\u00f3n\u201d"},"content":{"rendered":"<\/p>\n<p>Sonrisas, juegos, cantos, alegr\u00eda y mucha diversi\u00f3n se vivi\u00f3 en el Parque Infantil de Buen Coraz\u00f3n, habilitado en el Bazar del S\u00e1bado por las autoridades municipales para que los reyes del hogar disfrutaran y celebraran al m\u00e1ximo el D\u00eda del Ni\u00f1o y la Ni\u00f1a.<\/p>\n<p>En este parque desde las 10:00 de la ma\u00f1ana pudieron disfrutar de juegos mec\u00e1nicos, se realiz\u00f3 un torneo de f\u00fatbol de escuelas, carreras de go kart, pintado de caritas, payasitas, juegos inflables, palomitas de ma\u00edz, boliche, premios, juguetes y concursos.<\/p>\n<p>Asimismo, el esperado espect\u00e1culo \u201cPalabras M\u00e1gicas\u201d de los reconocidos personajes infantiles Bluey &amp; Bingo, que deleit\u00f3 a los peque\u00f1ines con m\u00fasica, baile y una dosis extra de magia. Familias enteras disfrutaron de esta experiencia gratuita, que no solo brind\u00f3 entretenimiento, sino tambi\u00e9n momentos inolvidables de unidad y diversi\u00f3n.<\/p>\n<p><a href=\"https:\/\/i1.wp.com\/hondudiario.com\/wp-content\/uploads\/2024\/09\/Ninos-_-Menores-_-Ninez-_-AMDC_-2024-7.jpeg?ssl=1\"><\/a><\/p>\n<p>\u201cQuiero decirles que me siento muy contento de llevar este regalo a los ni\u00f1os de la capital. Un show completamente gratis para que sigamos construyendo en sus corazones la Ciudad de Buen Coraz\u00f3n\u201d, expres\u00f3 el alcalde del Distrito Central, Jorge Aldana.<\/p>\n<p>Adem\u00e1s del espect\u00e1culo, el evento cont\u00f3 con una variada oferta de actividades, incluyendo juegos mec\u00e1nicos, pintado de caritas, la degustaci\u00f3n de comida tradicional y muchos premios.<\/p>\n<p>A su vez, el edil expres\u00f3 su satisfacci\u00f3n al ver la alegr\u00eda en los rostros de las ni\u00f1as y ni\u00f1os, y afirm\u00f3: \u201cNos llena de alegr\u00eda llevar este regalo a los peque\u00f1os; pues trabajamos con mucho amor para seguir construyendo la ciudad que las y los ni\u00f1os se merecen.\u201d<\/p>\n<p><a href=\"https:\/\/i0.wp.com\/hondudiario.com\/wp-content\/uploads\/2024\/09\/Ninos-_-Menores-_-Ninez-_-AMDC_-2024-5.jpeg?ssl=1\"><\/a><\/p>\n<p>Este evento es una muestra m\u00e1s del compromiso de las autoridades edilicias con la infancia y la familia, enfoc\u00e1ndose en impulsar espacios para la sana recreaci\u00f3n y el desarrollo integral de las futuras generaciones capitalinas.<\/p>\n<p>\u201cEstamos trabajando con mucho amor para que en esta Ciudad de Buen Coraz\u00f3n puedan crecer con trabajo, seguridad y salud\u201d, indic\u00f3 el edil.<\/p>\n<p>Aldana a\u00f1adi\u00f3 que la ciudad son los ni\u00f1os, padres, madres, y la familia, por lo que su administraci\u00f3n est\u00e1 comprometida para que la ni\u00f1ez y la juventud del Distrito Central tengan un espacio lleno de salud y prosperidad para seguir construyendo la Ciudad de Buen Coraz\u00f3n.<\/p>\n<p>\u00a0<\/p>\n<p>Fuente: Hondudiario<\/p>\n","protected":false},"excerpt":{"rendered":"<p>Sonrisas, juegos, cantos, alegr\u00eda y mucha diversi\u00f3n se vivi\u00f3 en el Parque Infantil de Buen Coraz\u00f3n, habilitado en el Bazar del S\u00e1bado por las autoridades municipales para que los reyes del hogar disfrutaran y celebraran al m\u00e1ximo el D\u00eda del Ni\u00f1o y la Ni\u00f1a. En este parque desde las 10:00 de la ma\u00f1ana pudieron disfrutar &hellip;<\/p>\n","protected":false},"author":0,"featured_media":0,"comment_status":"open","ping_status":"open","sticky":false,"template":"","format":"standard","meta":{"_jetpack_memberships_contains_paid_content":false,"footnotes":""},"categories":[5],"tags":[],"class_list":["post-79797","post","type-post","status-publish","format-standard","","category-noticias"],"jetpack_sharing_enabled":true,"jetpack_featured_media_url":"","_links":{"self":[{"href":"https:\/\/mickyandoniehn.com\/radio\/wp-json\/wp\/v2\/posts\/79797","targetHints":{"allow":["GET"]}}],"collection":[{"href":"https:\/\/mickyandoniehn.com\/radio\/wp-json\/wp\/v2\/posts"}],"about":[{"href":"https:\/\/mickyandoniehn.com\/radio\/wp-json\/wp\/v2\/types\/post"}],"replies":[{"embeddable":true,"href":"https:\/\/mickyandoniehn.com\/radio\/wp-json\/wp\/v2\/comments?post=79797"}],"version-history":[{"count":0,"href":"https:\/\/mickyandoniehn.com\/radio\/wp-json\/wp\/v2\/posts\/79797\/revisions"}],"wp:attachment":[{"href":"https:\/\/mickyandoniehn.com\/radio\/wp-json\/wp\/v2\/media?parent=79797"}],"wp:term":[{"taxonomy":"category","embeddable":true,"href":"https:\/\/mickyandoniehn.com\/radio\/wp-json\/wp\/v2\/categories?post=79797"},{"taxonomy":"post_tag","embeddable":true,"href":"https:\/\/mickyandoniehn.com\/radio\/wp-json\/wp\/v2\/tags?post=79797"}],"curies":[{"name":"wp","href":"https:\/\/api.w.org\/{rel}","templated":true}]}}