{"id":79791,"date":"2024-09-11T10:13:36","date_gmt":"2024-09-11T16:13:36","guid":{"rendered":"http:\/\/mickyandoniehn.com\/radio\/2024\/09\/11\/pobladores-preocupados-ante-posibles-filtraciones-en-zonas-bajas-de-el-progreso-ante-caudal-del-rio-ulua\/"},"modified":"2024-09-11T10:13:36","modified_gmt":"2024-09-11T16:13:36","slug":"pobladores-preocupados-ante-posibles-filtraciones-en-zonas-bajas-de-el-progreso-ante-caudal-del-rio-ulua","status":"publish","type":"post","link":"https:\/\/mickyandoniehn.com\/radio\/2024\/09\/11\/pobladores-preocupados-ante-posibles-filtraciones-en-zonas-bajas-de-el-progreso-ante-caudal-del-rio-ulua\/","title":{"rendered":"Pobladores preocupados ante posibles filtraciones en zonas bajas de El Progreso ante caudal del r\u00edo Ul\u00faa"},"content":{"rendered":"<\/p>\n<p><strong>San Pedro Sula<\/strong>\u2013 Se mantiene el caudal del r\u00edo Ul\u00faa en El Progreso, Yoro, lo que preocupa a la poblaci\u00f3n ya que esto\u00a0 podr\u00eda provocar inundaciones en zonas bajas de ese municipio.<\/p>\n<p>La crecida del r\u00edo Ul\u00faa mantiene en alerta a pobladores de las partes bajas de la ciudad de El Progreso donde este mi\u00e9rcoles se ha reportado el aumento de su caudal.<\/p>\n<p>Asimismo, se ha informado que se debe estar pendientes de sectores que se encuentren vulnerables ante cualquier tipo de desbordamiento.<\/p>\n<p>Los miembros del Cuerpo de Bomberos mantienen un constante monitoreo del caudaloso r\u00edo.<\/p>\n<p>Las lluvias contin\u00faan este mi\u00e9rcoles en la mayor parte del pa\u00eds.<\/p>\n<p>\u00a0<\/p>\n<p>Fuente: Proceso Digital<\/p>\n","protected":false},"excerpt":{"rendered":"<p>San Pedro Sula\u2013 Se mantiene el caudal del r\u00edo Ul\u00faa en El Progreso, Yoro, lo que preocupa a la poblaci\u00f3n ya que esto\u00a0 podr\u00eda provocar inundaciones en zonas bajas de ese municipio. La crecida del r\u00edo Ul\u00faa mantiene en alerta a pobladores de las partes bajas de la ciudad de El Progreso donde este mi\u00e9rcoles &hellip;<\/p>\n","protected":false},"author":0,"featured_media":0,"comment_status":"open","ping_status":"open","sticky":false,"template":"","format":"standard","meta":{"_jetpack_memberships_contains_paid_content":false,"footnotes":""},"categories":[5],"tags":[],"class_list":["post-79791","post","type-post","status-publish","format-standard","","category-noticias"],"jetpack_sharing_enabled":true,"jetpack_featured_media_url":"","_links":{"self":[{"href":"https:\/\/mickyandoniehn.com\/radio\/wp-json\/wp\/v2\/posts\/79791","targetHints":{"allow":["GET"]}}],"collection":[{"href":"https:\/\/mickyandoniehn.com\/radio\/wp-json\/wp\/v2\/posts"}],"about":[{"href":"https:\/\/mickyandoniehn.com\/radio\/wp-json\/wp\/v2\/types\/post"}],"replies":[{"embeddable":true,"href":"https:\/\/mickyandoniehn.com\/radio\/wp-json\/wp\/v2\/comments?post=79791"}],"version-history":[{"count":0,"href":"https:\/\/mickyandoniehn.com\/radio\/wp-json\/wp\/v2\/posts\/79791\/revisions"}],"wp:attachment":[{"href":"https:\/\/mickyandoniehn.com\/radio\/wp-json\/wp\/v2\/media?parent=79791"}],"wp:term":[{"taxonomy":"category","embeddable":true,"href":"https:\/\/mickyandoniehn.com\/radio\/wp-json\/wp\/v2\/categories?post=79791"},{"taxonomy":"post_tag","embeddable":true,"href":"https:\/\/mickyandoniehn.com\/radio\/wp-json\/wp\/v2\/tags?post=79791"}],"curies":[{"name":"wp","href":"https:\/\/api.w.org\/{rel}","templated":true}]}}