{"id":79790,"date":"2024-09-11T10:13:34","date_gmt":"2024-09-11T16:13:34","guid":{"rendered":"http:\/\/mickyandoniehn.com\/radio\/2024\/09\/11\/dengue-mordeduras-de-serpientes-neumonia-y-varicela-golpean-el-dc\/"},"modified":"2024-09-11T10:13:34","modified_gmt":"2024-09-11T16:13:34","slug":"dengue-mordeduras-de-serpientes-neumonia-y-varicela-golpean-el-dc","status":"publish","type":"post","link":"https:\/\/mickyandoniehn.com\/radio\/2024\/09\/11\/dengue-mordeduras-de-serpientes-neumonia-y-varicela-golpean-el-dc\/","title":{"rendered":"Dengue, mordeduras de serpientes, neumon\u00eda y varicela golpean el DC"},"content":{"rendered":"<p>\nTEGUCIGALPA, HONDURAS.-\u00a0El\u00a0Distrito Central (DC)\u00a0de Honduras enfrenta un\u00a0aumento alarmante en la incidencia de enfermedades\u00a0que afectan a miles de ciudadanos en 2024.<\/p>\n<p>Datos de la\u00a0Regi\u00f3n Metropolitana de Salud (RMS)\u00a0revelan que las enfermedades infecciosas, que van desde el dengue hasta la neumon\u00eda, golpean con fuerza a la poblaci\u00f3n, en algunos casos duplican o triplican las cifras registradas del a\u00f1o pasado.<\/p>\n<div class=\"paragraph\">\n<p>Uno de los incrementos m\u00e1s dr\u00e1sticos se observa en los casos sospechosos de dengue.<\/p>\n<p>En 2023 se registraron 4,080 casos, mientras que en 2024 esta cifra se dispar\u00f3 a 24,249, un incremento que refleja la agresividad con la que esta enfermedad azota a la capital pol\u00edtica del pa\u00eds.<\/p>\n<p>El\u00a0dengue grave, que en 2023 afect\u00f3 a 26 personas, este a\u00f1o puso en riesgo la vida de 249 individuos, es decir que la afecci\u00f3n subi\u00f3 m\u00e1s del 845%.<\/p>\n<p>Para el doctor Jos\u00e9 Hern\u00e1ndez, especialista en enfermedades infecciosas, el aumento en los\u00a0casos de dengue\u00a0en las ciudades es el resultado de una amplia combinaci\u00f3n de factores.<\/p>\n<p>\u201cLa falta de campa\u00f1as efectivas de fumigaci\u00f3n, sumada a las lluvias intensas de este a\u00f1o, crean el caldo de cultivo perfecto para la proliferaci\u00f3n del mosquito Aedes aegypti. Si no se toman medidas inmediatas, como la eliminaci\u00f3n de criaderos y la promoci\u00f3n del uso de repelentes, la situaci\u00f3n podr\u00eda empeorar a\u00fan m\u00e1s\u201d, advirti\u00f3 Hern\u00e1ndez<\/p>\n<\/div>\n<h2 class=\"intertitle\">Varicela, neumon\u00eda y otras enfermedades en Tegucigalpa<\/h2>\n<div class=\"paragraph\">\n<p>La\u00a0varicela, una enfermedad que muchos consideran leve, tambi\u00e9n mostr\u00f3 un incremento notable en los capitalinos. Los casos pasaron de 1,227 en 2023 a 1,603 en 2024.<\/p>\n<p>Aunque la varicela rara vez es mortal, su alta contagiosidad y las complicaciones que puede generar en adultos y personas con sistemas inmunitarios debilitados son motivo de preocupaci\u00f3n y urgencia.<\/p>\n<p>Asimismo, la\u00a0neumon\u00eda, que afect\u00f3 a 2,303 personas en 2023, aument\u00f3 ligeramente en 2024, con 2,411 incidencias.<\/p>\n<p>Aunque este incremento parece moderado en comparaci\u00f3n con otras enfermedades, la neumon\u00eda sigue siendo una de las principales causas de mortalidad, en especial entre los ni\u00f1os y los ancianos.<\/p>\n<p>Otras enfermedades que parec\u00edan bajo control tambi\u00e9n resurgieron.<\/p>\n<div class=\"adnotas\">\n<div class=\"text-center\">\n<div><\/div>\n<\/div>\n<\/div>\n<p>Los\u00a0casos sospechosos de sarampi\u00f3n\u00a0pasaron de 11 en 2023 a 46 en 2024, un aumento que pone en evidencia la disminuci\u00f3n en las tasas de vacunaci\u00f3n infantil en los \u00faltimos a\u00f1os.<\/p>\n<p>La\u00a0mordedura de serpientes, que en 2023 se registr\u00f3 nueve casos, afect\u00f3 a 22 personas en 2024, una cifra que expone la necesidad de ant\u00eddotos en \u00e1reas rurales.<\/p>\n<p>El aumento de\u00a0enfermedades en el Distrito Central en 2024 es un llamado de atenci\u00f3n para todos.<\/p>\n<p>La poblaci\u00f3n debe entender que la prevenci\u00f3n es clave y que buscar atenci\u00f3n m\u00e9dica temprana puede marcar la diferencia entre la vida y la muerte.<\/p>\n<p>Las autoridades, por su parte, deben redoblar esfuerzos en campa\u00f1as de concienciaci\u00f3n y en la mejora de los servicios de salud para enfrentar esta crisis sanitaria.<\/p>\n<p>Solo a trav\u00e9s de un enfoque conjunto se podr\u00e1 mitigar el impacto de estas enfermedades y proteger la salud de los habitantes del Distrito Central.<\/p>\n<p>Fuente: El Heraldo<\/p>\n<\/div>\n","protected":false},"excerpt":{"rendered":"<p>TEGUCIGALPA, HONDURAS.-\u00a0El\u00a0Distrito Central (DC)\u00a0de Honduras enfrenta un\u00a0aumento alarmante en la incidencia de enfermedades\u00a0que afectan a miles de ciudadanos en 2024. Datos de la\u00a0Regi\u00f3n Metropolitana de Salud (RMS)\u00a0revelan que las enfermedades infecciosas, que van desde el dengue hasta la neumon\u00eda, golpean con fuerza a la poblaci\u00f3n, en algunos casos duplican o triplican las cifras registradas del &hellip;<\/p>\n","protected":false},"author":0,"featured_media":0,"comment_status":"open","ping_status":"open","sticky":false,"template":"","format":"standard","meta":{"_jetpack_memberships_contains_paid_content":false,"footnotes":""},"categories":[5],"tags":[],"class_list":["post-79790","post","type-post","status-publish","format-standard","","category-noticias"],"jetpack_sharing_enabled":true,"jetpack_featured_media_url":"","_links":{"self":[{"href":"https:\/\/mickyandoniehn.com\/radio\/wp-json\/wp\/v2\/posts\/79790","targetHints":{"allow":["GET"]}}],"collection":[{"href":"https:\/\/mickyandoniehn.com\/radio\/wp-json\/wp\/v2\/posts"}],"about":[{"href":"https:\/\/mickyandoniehn.com\/radio\/wp-json\/wp\/v2\/types\/post"}],"replies":[{"embeddable":true,"href":"https:\/\/mickyandoniehn.com\/radio\/wp-json\/wp\/v2\/comments?post=79790"}],"version-history":[{"count":0,"href":"https:\/\/mickyandoniehn.com\/radio\/wp-json\/wp\/v2\/posts\/79790\/revisions"}],"wp:attachment":[{"href":"https:\/\/mickyandoniehn.com\/radio\/wp-json\/wp\/v2\/media?parent=79790"}],"wp:term":[{"taxonomy":"category","embeddable":true,"href":"https:\/\/mickyandoniehn.com\/radio\/wp-json\/wp\/v2\/categories?post=79790"},{"taxonomy":"post_tag","embeddable":true,"href":"https:\/\/mickyandoniehn.com\/radio\/wp-json\/wp\/v2\/tags?post=79790"}],"curies":[{"name":"wp","href":"https:\/\/api.w.org\/{rel}","templated":true}]}}