{"id":79787,"date":"2024-09-11T09:12:38","date_gmt":"2024-09-11T15:12:38","guid":{"rendered":"http:\/\/mickyandoniehn.com\/radio\/2024\/09\/11\/bcie-recibe-un-desembolso-de-7-2-millones-para-el-corredor-seco-centroamericano\/"},"modified":"2024-09-11T09:12:38","modified_gmt":"2024-09-11T15:12:38","slug":"bcie-recibe-un-desembolso-de-7-2-millones-para-el-corredor-seco-centroamericano","status":"publish","type":"post","link":"https:\/\/mickyandoniehn.com\/radio\/2024\/09\/11\/bcie-recibe-un-desembolso-de-7-2-millones-para-el-corredor-seco-centroamericano\/","title":{"rendered":"BCIE recibe un desembolso de $7.2 millones para el corredor seco Centroamericano"},"content":{"rendered":"<div class=\"td_block_wrap tdb_single_featured_image tdi_55 tdb-content-horiz-left td-pb-border-top td_block_template_1\">\n<div class=\"tdb-block-inner td-fix-index\"><a class=\"td-modal-image\" href=\"https:\/\/i1.wp.com\/proceso.hn\/wp-content\/uploads\/2023\/03\/sequia-corredor-seco.png?ssl=1\"><\/a><\/div>\n<\/div>\n<div class=\"td_block_wrap tdb_single_content tdi_56 td-pb-border-top td_block_template_1 td-post-content tagdiv-type\">\n<div class=\"tdb-block-inner td-fix-index\">\n<p><strong>Tegucigalpa\u00a0<\/strong>\u2013 El Banco Centroamericano de Integraci\u00f3n Econ\u00f3mica (BCIE) inform\u00f3 este martes en Tegucigalpa que recibi\u00f3 un desembolso de 7.2 millones de d\u00f3lares del Fondo Verde del Clima (FVC), que servir\u00e1n para implementar el Programa del Corredor Seco Centroamericano y las Zonas \u00c1ridas de la Rep\u00fablica Dominicana.<\/p>\n<p>En concreto estos recursos ayudar\u00e1n a la ejecuci\u00f3n del Programa Adaptaci\u00f3n basada en Ecosistemas para Incrementar la Resiliencia Clim\u00e1tica en el Corredor Seco Centroamericano y las Zonas \u00c1ridas de la Rep\u00fablica Dominicana, \u00abuna iniciativa fundamental destinada a abordar los desaf\u00edos apremiantes que plantea el cambio clim\u00e1tico en la regi\u00f3n\u00bb, dijo el BCIE en un comunicado.<\/p>\n<p>La entidad bancaria destac\u00f3 que el Corredor Seco Centroamericano es una regi\u00f3n \u00abvasta y ecol\u00f3gicamente fr\u00e1gil\u00bb, y \u00abparticularmente vulnerable a los impactos del cambio clim\u00e1tico, incluidas las sequ\u00edas, los fen\u00f3menos meteorol\u00f3gicos extremos y la degradaci\u00f3n del suelo\u00bb.<\/p>\n<p>As\u00ed el programa busca mejorar la resiliencia de las comunidades y los ecosistemas de esta regi\u00f3n con la promoci\u00f3n de medidas de adaptaci\u00f3n basada en Ecosistemas (AbE) para la buena gesti\u00f3n de la tierra, la mejora de la gesti\u00f3n de los recursos h\u00eddricos y la diversificaci\u00f3n de los medios de vida.<\/p>\n<p>Gisela S\u00e1nchez, presidenta ejecutiva del BCIE, indic\u00f3 que este desembolso \u00abmarca un hito importante en nuestra alianza con el Fondo Verde para el Clima y subraya nuestro compromiso de abordar los desaf\u00edos urgentes del cambio clim\u00e1tico en Centroam\u00e9rica\u00bb.<\/p>\n<p>\u00abEl financiamiento nos permitir\u00e1 ampliar nuestros esfuerzos para apoyar el desarrollo sostenible y la resiliencia clim\u00e1tica en la regi\u00f3n\u00bb, afirm\u00f3 S\u00e1nchez.<\/p>\n<p>El desembolso de 7.2 millones es el primero de una asignaci\u00f3n mayor del FVC al BCIE para este Programa, que asciende a un total de 174.3 millones de d\u00f3lares.<\/p>\n<p>Esta operaci\u00f3n, explic\u00f3 el banco, tambi\u00e9n desplegar\u00e1 un mecanismo financiero que facilitar\u00e1 el acceso a recursos reembolsables en esta regi\u00f3n para la implementaci\u00f3n de medidas de AbE.<\/p>\n<p>Los fondos se destinar\u00e1n a financiar diversas actividades, como son la activaci\u00f3n de sistemas de captaci\u00f3n de agua, t\u00e9cnicas de conservaci\u00f3n del suelo, medios de vida diversificados (la agrosilvicultura y el ecoturismo), agroforester\u00eda comunitaria (plantaci\u00f3n de \u00e1rboles en las cuencas para mejorar la resilencia al cambio clim\u00e1tico).<\/p>\n<p>El BCIE remarc\u00f3 que de esta forma \u00abconsolida su alianza con un socio estrat\u00e9gico fundamental como lo es el Fondo Verde para el Clima y se compromete a continuar promoviendo la transformaci\u00f3n positiva y resiliente al clima para los pa\u00edses de la regi\u00f3n\u00bb.<\/p>\n<\/div>\n<p>Fuente: Proceso Digital<\/p>\n<\/div>\n","protected":false},"excerpt":{"rendered":"<p>Tegucigalpa\u00a0\u2013 El Banco Centroamericano de Integraci\u00f3n Econ\u00f3mica (BCIE) inform\u00f3 este martes en Tegucigalpa que recibi\u00f3 un desembolso de 7.2 millones de d\u00f3lares del Fondo Verde del Clima (FVC), que servir\u00e1n para implementar el Programa del Corredor Seco Centroamericano y las Zonas \u00c1ridas de la Rep\u00fablica Dominicana. En concreto estos recursos ayudar\u00e1n a la ejecuci\u00f3n del &hellip;<\/p>\n","protected":false},"author":0,"featured_media":0,"comment_status":"open","ping_status":"open","sticky":false,"template":"","format":"standard","meta":{"_jetpack_memberships_contains_paid_content":false,"footnotes":""},"categories":[5],"tags":[],"class_list":["post-79787","post","type-post","status-publish","format-standard","","category-noticias"],"jetpack_sharing_enabled":true,"jetpack_featured_media_url":"","_links":{"self":[{"href":"https:\/\/mickyandoniehn.com\/radio\/wp-json\/wp\/v2\/posts\/79787","targetHints":{"allow":["GET"]}}],"collection":[{"href":"https:\/\/mickyandoniehn.com\/radio\/wp-json\/wp\/v2\/posts"}],"about":[{"href":"https:\/\/mickyandoniehn.com\/radio\/wp-json\/wp\/v2\/types\/post"}],"replies":[{"embeddable":true,"href":"https:\/\/mickyandoniehn.com\/radio\/wp-json\/wp\/v2\/comments?post=79787"}],"version-history":[{"count":0,"href":"https:\/\/mickyandoniehn.com\/radio\/wp-json\/wp\/v2\/posts\/79787\/revisions"}],"wp:attachment":[{"href":"https:\/\/mickyandoniehn.com\/radio\/wp-json\/wp\/v2\/media?parent=79787"}],"wp:term":[{"taxonomy":"category","embeddable":true,"href":"https:\/\/mickyandoniehn.com\/radio\/wp-json\/wp\/v2\/categories?post=79787"},{"taxonomy":"post_tag","embeddable":true,"href":"https:\/\/mickyandoniehn.com\/radio\/wp-json\/wp\/v2\/tags?post=79787"}],"curies":[{"name":"wp","href":"https:\/\/api.w.org\/{rel}","templated":true}]}}