{"id":79786,"date":"2024-09-11T08:12:54","date_gmt":"2024-09-11T14:12:54","guid":{"rendered":"http:\/\/mickyandoniehn.com\/radio\/2024\/09\/11\/la-sesal-reporta-aproximadamente-1000-casos-menos-despues-del-dia-d\/"},"modified":"2024-09-11T08:12:54","modified_gmt":"2024-09-11T14:12:54","slug":"la-sesal-reporta-aproximadamente-1000-casos-menos-despues-del-dia-d","status":"publish","type":"post","link":"https:\/\/mickyandoniehn.com\/radio\/2024\/09\/11\/la-sesal-reporta-aproximadamente-1000-casos-menos-despues-del-dia-d\/","title":{"rendered":"La Sesal reporta aproximadamente 1,000 casos menos despu\u00e9s del \u201cD\u00eda D\u201d"},"content":{"rendered":"<div class=\"row r01\">\n<div class=\"col portlet-column nopadding\">\n<div class=\"portlet-boundary portlet-static-end content-viewer-portlet c_005_001 last full-access norestricted\">\n<div class=\"DETAIL_INF1_TIT_SUB\"><\/div>\n<\/div>\n<\/div>\n<\/div>\n<div class=\"row r02\">\n<div class=\"col-md-8 col-sm-12 portlet-column nopadding\">\n<div class=\"portlet-boundary portlet-static-end content-viewer-portlet c_005_001 detail bxSlider_detail last full-access norestricted\">\n<div class=\"DETAIL_IMG_TXT\">\n<div class=\"multimedia\">\n<div class=\"multimediaMacroWrapper\">\n<div><\/div>\n<div class=\"cutline-byline-container\"><\/div>\n<\/div>\n<\/div>\n<div class=\"text\">\n<div class=\"paragraph\">\n<p>TEGUCIGALPA, HONDURAS.-Desde la semana pasada, las autoridades sanitarias han reportado una baja en los\u00a0casos de dengue en el pa\u00eds. Algunos centros asistenciales, como el Hospital Escuela, han sido testigos de ello al registrar una disminuci\u00f3n en el n\u00famero de hospitalizados.<\/p>\n<div class=\"adnotas player1x1\">\n<div class=\"text-center\">\n<div>\n<div class=\"pbs\">\n<div class=\"exp-ui__static\"><\/div>\n<\/div>\n<\/div>\n<\/div>\n<\/div>\n<\/div>\n<div class=\"paragraph\">\n<p>Aunque la Secretar\u00eda de Salud (Sesal) a\u00fan no ha publicado el bolet\u00edn epidemiol\u00f3gico correspondiente a las semanas 36 a 37,el doctor Lorenzo Pav\u00f3n, jefe de la Unidad de Vigilancia de la Sesal, inform\u00f3 que en la \u00faltima semana se registraron cerca de8,300 nuevos casos.<\/p>\n<p>Al comparar los datos de la semana anterior a la jornada de limpieza, cuando se registraron 9,349 casos, con los 8,300 de la \u00faltima semana, los c\u00e1lculos indican que el pa\u00eds ha registrado una baja de\u00a0aproximadamente 1,000 casos\u00a0semanales.<\/p>\n<\/div>\n<div class=\"Article_Text 21295044 8511703\">\n<div class=\"IMG_TIT_LEAD\">\n<div class=\"media-block\">\n<div><\/div>\n<\/div>\n<\/div>\n<\/div>\n<div class=\"paragraph\">\n<p>\u201cLos casos han disminuido enormemente. Venimos de la sala situacional y los n\u00fameros siguen bajando, pero necesitamos que contin\u00faen descendiendo a\u00fan m\u00e1s\u201d, se\u00f1al\u00f3 el doctor Pav\u00f3n.<\/p>\n<p>A pesar de esta tendencia positiva, el doctor Pav\u00f3n reconoci\u00f3 que a\u00fan queda mucho trabajo por hacer. En el Distrito Central, algunas colonias, como la Kennedy y el Hato de Enmedio, contin\u00faan presentando cifras rojas.<\/p>\n<p>\u201cEs alentador haber pasado de tener entre\u00a015 y 19 regiones\u00a0en alerta roja a solo siete actualmente\u201d, destac\u00f3 Pav\u00f3n.<\/p>\n<p>Fuente: El Heraldo<\/p>\n<\/div>\n<\/div>\n<\/div>\n<\/div>\n<\/div>\n<\/div>\n","protected":false},"excerpt":{"rendered":"<p>TEGUCIGALPA, HONDURAS.-Desde la semana pasada, las autoridades sanitarias han reportado una baja en los\u00a0casos de dengue en el pa\u00eds. Algunos centros asistenciales, como el Hospital Escuela, han sido testigos de ello al registrar una disminuci\u00f3n en el n\u00famero de hospitalizados. Aunque la Secretar\u00eda de Salud (Sesal) a\u00fan no ha publicado el bolet\u00edn epidemiol\u00f3gico correspondiente a &hellip;<\/p>\n","protected":false},"author":0,"featured_media":0,"comment_status":"open","ping_status":"open","sticky":false,"template":"","format":"standard","meta":{"_jetpack_memberships_contains_paid_content":false,"footnotes":""},"categories":[5],"tags":[],"class_list":["post-79786","post","type-post","status-publish","format-standard","","category-noticias"],"jetpack_sharing_enabled":true,"jetpack_featured_media_url":"","_links":{"self":[{"href":"https:\/\/mickyandoniehn.com\/radio\/wp-json\/wp\/v2\/posts\/79786","targetHints":{"allow":["GET"]}}],"collection":[{"href":"https:\/\/mickyandoniehn.com\/radio\/wp-json\/wp\/v2\/posts"}],"about":[{"href":"https:\/\/mickyandoniehn.com\/radio\/wp-json\/wp\/v2\/types\/post"}],"replies":[{"embeddable":true,"href":"https:\/\/mickyandoniehn.com\/radio\/wp-json\/wp\/v2\/comments?post=79786"}],"version-history":[{"count":0,"href":"https:\/\/mickyandoniehn.com\/radio\/wp-json\/wp\/v2\/posts\/79786\/revisions"}],"wp:attachment":[{"href":"https:\/\/mickyandoniehn.com\/radio\/wp-json\/wp\/v2\/media?parent=79786"}],"wp:term":[{"taxonomy":"category","embeddable":true,"href":"https:\/\/mickyandoniehn.com\/radio\/wp-json\/wp\/v2\/categories?post=79786"},{"taxonomy":"post_tag","embeddable":true,"href":"https:\/\/mickyandoniehn.com\/radio\/wp-json\/wp\/v2\/tags?post=79786"}],"curies":[{"name":"wp","href":"https:\/\/api.w.org\/{rel}","templated":true}]}}