{"id":79669,"date":"2024-09-09T10:12:39","date_gmt":"2024-09-09T16:12:39","guid":{"rendered":"http:\/\/mickyandoniehn.com\/radio\/2024\/09\/09\/patronatos-se-toman-via-en-jamastran-exigiendo-reparacion-de-carretera-hacia-trojes\/"},"modified":"2024-09-09T10:12:39","modified_gmt":"2024-09-09T16:12:39","slug":"patronatos-se-toman-via-en-jamastran-exigiendo-reparacion-de-carretera-hacia-trojes","status":"publish","type":"post","link":"https:\/\/mickyandoniehn.com\/radio\/2024\/09\/09\/patronatos-se-toman-via-en-jamastran-exigiendo-reparacion-de-carretera-hacia-trojes\/","title":{"rendered":"Patronatos se toman v\u00eda en Jamastr\u00e1n exigiendo reparaci\u00f3n de carretera hacia Trojes"},"content":{"rendered":"<\/p>\n<p><strong>09.09.24<\/strong><\/p>\n<p><strong>Tegucigalpa \u2013<\/strong>\u00a0Representantes de 40 patronatos procedieron a protestar este lunes con la toma de carretera que del Valle de\u00a0Jamastr\u00e1n conduce hacia la ciudad de Danl\u00ed, en el oriente del pa\u00eds.<\/p>\n<p>Los manifestantes piden por en\u00e9sima vez que se repare la carretera hacia Trojes.<\/p>\n<p>Los inconformes exigen se repare un tramo de la calle que est\u00e1 a punto de quedar intransitable.<\/p>\n<p>Los dirigentes patronales expusieron que han hecho todo tipo de solicitud para que se repare un tramo de la carretera, pero no han obtenido ninguna respuesta.<\/p>\n<p>La toma de la carretera provoc\u00f3 un denso\u00a0tr\u00e1fico durante toda la ma\u00f1ana de este lunes en ese sector.<\/p>\n<p>Los protestantes advirtieron que continuar\u00e1n con este tipo de acciones si contin\u00faan sin ser escuchados por parte de las autoridades municipales y del Gobierno Central.<\/p>\n<p>Fuente: Proceso Digital.<\/p>\n","protected":false},"excerpt":{"rendered":"<p>09.09.24 Tegucigalpa \u2013\u00a0Representantes de 40 patronatos procedieron a protestar este lunes con la toma de carretera que del Valle de\u00a0Jamastr\u00e1n conduce hacia la ciudad de Danl\u00ed, en el oriente del pa\u00eds. Los manifestantes piden por en\u00e9sima vez que se repare la carretera hacia Trojes. Los inconformes exigen se repare un tramo de la calle que &hellip;<\/p>\n","protected":false},"author":0,"featured_media":79670,"comment_status":"open","ping_status":"open","sticky":false,"template":"","format":"standard","meta":{"_jetpack_memberships_contains_paid_content":false,"footnotes":""},"categories":[5],"tags":[],"class_list":["post-79669","post","type-post","status-publish","format-standard","has-post-thumbnail","","category-noticias"],"jetpack_sharing_enabled":true,"jetpack_featured_media_url":"https:\/\/mickyandoniehn.com\/radio\/wp-content\/uploads\/2024\/09\/Protesta-Jamastran-sept-696x475-1-WM6HOt.jpeg","_links":{"self":[{"href":"https:\/\/mickyandoniehn.com\/radio\/wp-json\/wp\/v2\/posts\/79669","targetHints":{"allow":["GET"]}}],"collection":[{"href":"https:\/\/mickyandoniehn.com\/radio\/wp-json\/wp\/v2\/posts"}],"about":[{"href":"https:\/\/mickyandoniehn.com\/radio\/wp-json\/wp\/v2\/types\/post"}],"replies":[{"embeddable":true,"href":"https:\/\/mickyandoniehn.com\/radio\/wp-json\/wp\/v2\/comments?post=79669"}],"version-history":[{"count":0,"href":"https:\/\/mickyandoniehn.com\/radio\/wp-json\/wp\/v2\/posts\/79669\/revisions"}],"wp:featuredmedia":[{"embeddable":true,"href":"https:\/\/mickyandoniehn.com\/radio\/wp-json\/wp\/v2\/media\/79670"}],"wp:attachment":[{"href":"https:\/\/mickyandoniehn.com\/radio\/wp-json\/wp\/v2\/media?parent=79669"}],"wp:term":[{"taxonomy":"category","embeddable":true,"href":"https:\/\/mickyandoniehn.com\/radio\/wp-json\/wp\/v2\/categories?post=79669"},{"taxonomy":"post_tag","embeddable":true,"href":"https:\/\/mickyandoniehn.com\/radio\/wp-json\/wp\/v2\/tags?post=79669"}],"curies":[{"name":"wp","href":"https:\/\/api.w.org\/{rel}","templated":true}]}}