{"id":79665,"date":"2024-09-09T10:12:33","date_gmt":"2024-09-09T16:12:33","guid":{"rendered":"http:\/\/mickyandoniehn.com\/radio\/2024\/09\/09\/hasta-2025-volveran-las-radioterapias-al-hospital-san-felipe\/"},"modified":"2024-09-09T10:12:33","modified_gmt":"2024-09-09T16:12:33","slug":"hasta-2025-volveran-las-radioterapias-al-hospital-san-felipe","status":"publish","type":"post","link":"https:\/\/mickyandoniehn.com\/radio\/2024\/09\/09\/hasta-2025-volveran-las-radioterapias-al-hospital-san-felipe\/","title":{"rendered":"Hasta 2025 volver\u00e1n las radioterapias al Hospital San Felipe"},"content":{"rendered":"<div class=\"row r01\">\n<div class=\"col portlet-column nopadding\">\n<div class=\"portlet-boundary portlet-static-end content-viewer-portlet c_005_001 last full-access norestricted\">\n<div class=\"DETAIL_INF1_TIT_SUB\">\n<div class=\"lead\">M\u00e1s de 600 pacientes est\u00e1n a la espera de recibir este tratamiento que podr\u00eda significar un paso entre la vida y la muerte en la lucha contra el c\u00e1ncer<\/div>\n<\/div>\n<\/div>\n<\/div>\n<\/div>\n<div class=\"row r02\">\n<div class=\"col-md-8 col-sm-12 portlet-column nopadding\">\n<div class=\"portlet-boundary portlet-static-end content-viewer-portlet c_005_064 detail\"><\/div>\n<div class=\"portlet-boundary portlet-static-end content-viewer-portlet c_005_001 detail bxSlider_detail last full-access norestricted\">\n<div class=\"DETAIL_IMG_TXT\">\n<div class=\"multimedia\">\n<div class=\"multimediaMacroWrapper\">\n<div><\/div>\n<div><strong>09.09.24<\/strong><\/div>\n<div>\n<p>TEGUCIGALPA, HONDURAS.-\u00a0La agon\u00eda para los\u00a0<a href=\"https:\/\/www.elheraldo.hn\/honduras\/olvidados-pacientes-con-cancer-sesal-honduras-GA21210547\" target=\"_blank\" rel=\"noopener\">pacientes oncol\u00f3gicos<\/a>\u00a0del\u00a0<a href=\"https:\/\/www.elheraldo.hn\/honduras\/vulnerabilidad-hospital-san-felipe-descubierto-fuertes-lluvias-PJ21288373\" target=\"_blank\" rel=\"noopener\">Hospital San Felipe\u00a0<\/a>se extender\u00e1 hasta marzo de 2025. Las m\u00e1quinas en mal estado no ser\u00e1n reparadas, por lo que la \u00fanica esperanza para los pacientes es la culminaci\u00f3n del nuevo\u00a0<a href=\"https:\/\/www.elheraldo.hn\/honduras\/bunker-oncologicohospital-san-felipe-deberia-estar-terminado-dice-exministro-salud-manuel-matheu-IA20468000\" target=\"_blank\" rel=\"noopener\">b\u00fanker oncol\u00f3gico<\/a>.<\/p>\n<p>Desde el Sindicato de Trabajadores del Hospital San Felipe reconocen que el proyecto del B\u00fanker Oncol\u00f3gico representa un gran beneficio para los pacientes. Pero, reconocen que el entusiasmo de las autoridades por el nuevo proyecto llev\u00f3 a un descuido de las m\u00e1quinas actuales, que son esenciales para las sesiones de radioterapia.<\/p>\n<p>A pesar de los gritos de ayuda, el hospital no podr\u00e1 atender adecuadamente las necesidades hasta que el b\u00fanker est\u00e9 completo, previsto para marzo de\u00a02025.<\/p>\n<p>La ministra de Salud,\u00a0<a href=\"https:\/\/www.elheraldo.hn\/elheraldoplus\/factchecking\/nepotismo-contratacion-familiares-amigos-carla-paredes-secretaria-salud-honduras-LA19198311\" target=\"_blank\" rel=\"noopener\">Carla Paredes<\/a>, confirm\u00f3 que la entrega del b\u00fanker est\u00e1 programada para diciembre: \u201cEl Fondo Hondure\u00f1o de Inversi\u00f3n Social (FHIS) es el encargado de la construcci\u00f3n con el soporte t\u00e9cnico del Organismo Internacional de Energ\u00eda At\u00f3mica (OIEA), y han confirmado que estar\u00e1 listo en diciembre\u201d.<\/p>\n<p>Aunque la construcci\u00f3n es gestionada por el FHIS, la administraci\u00f3n del b\u00fanker ser\u00e1 transferida a la Secretar\u00eda de Salud en diciembre.<\/p>\n<p>Detall\u00f3 que este mes comenzar\u00e1 el proceso de licitaci\u00f3n y compra del acelerador lineal que se instalar\u00e1 en el b\u00fanker. \u201cSe espera que el acelerador llegue en diciembre. La licitaci\u00f3n tomar\u00e1 aproximadamente tres meses\u201d, precis\u00f3.<\/p>\n<p>A\u00f1adi\u00f3 que la instalaci\u00f3n es un proceso complejo y que se espera que la radioterapia est\u00e9 operativa en el Hospital San Felipe en el primer trimestre de 2024. \u201cPara marzo, despu\u00e9s de tres meses de instalaci\u00f3n, esperamos que el nuevo equipo de aceleradores lineales con\u00a0radioterapia\u00a0dirigida y simulaci\u00f3n est\u00e9 funcionando\u201d, explic\u00f3 la ministra.<\/p>\n<p>Adem\u00e1s, proyect\u00f3 que, una vez finalizado este proyecto, se avanzar\u00e1 con un nuevo b\u00fanker en San Pedro Sula. Indic\u00f3 que ya se est\u00e1 firmando un acuerdo con el FHIS para la construcci\u00f3n de un b\u00fanker en el Hospital Mario Catarino Rivas, con el objetivo de evitar que los pacientes tengan que trasladarse a Tegucigalpa.<\/p>\n<p>Fuente: El Heraldo<\/p>\n<\/div>\n<\/div>\n<\/div>\n<\/div>\n<\/div>\n<\/div>\n<\/div>\n","protected":false},"excerpt":{"rendered":"<p>M\u00e1s de 600 pacientes est\u00e1n a la espera de recibir este tratamiento que podr\u00eda significar un paso entre la vida y la muerte en la lucha contra el c\u00e1ncer 09.09.24 TEGUCIGALPA, HONDURAS.-\u00a0La agon\u00eda para los\u00a0pacientes oncol\u00f3gicos\u00a0del\u00a0Hospital San Felipe\u00a0se extender\u00e1 hasta marzo de 2025. Las m\u00e1quinas en mal estado no ser\u00e1n reparadas, por lo que la &hellip;<\/p>\n","protected":false},"author":0,"featured_media":79666,"comment_status":"open","ping_status":"open","sticky":false,"template":"","format":"standard","meta":{"_jetpack_memberships_contains_paid_content":false,"footnotes":""},"categories":[5],"tags":[],"class_list":["post-79665","post","type-post","status-publish","format-standard","has-post-thumbnail","","category-noticias"],"jetpack_sharing_enabled":true,"jetpack_featured_media_url":"https:\/\/mickyandoniehn.com\/radio\/wp-content\/uploads\/2024\/09\/oncologia-san-felipe_8493017_20240908211827-nVAWba.jpeg","_links":{"self":[{"href":"https:\/\/mickyandoniehn.com\/radio\/wp-json\/wp\/v2\/posts\/79665","targetHints":{"allow":["GET"]}}],"collection":[{"href":"https:\/\/mickyandoniehn.com\/radio\/wp-json\/wp\/v2\/posts"}],"about":[{"href":"https:\/\/mickyandoniehn.com\/radio\/wp-json\/wp\/v2\/types\/post"}],"replies":[{"embeddable":true,"href":"https:\/\/mickyandoniehn.com\/radio\/wp-json\/wp\/v2\/comments?post=79665"}],"version-history":[{"count":0,"href":"https:\/\/mickyandoniehn.com\/radio\/wp-json\/wp\/v2\/posts\/79665\/revisions"}],"wp:featuredmedia":[{"embeddable":true,"href":"https:\/\/mickyandoniehn.com\/radio\/wp-json\/wp\/v2\/media\/79666"}],"wp:attachment":[{"href":"https:\/\/mickyandoniehn.com\/radio\/wp-json\/wp\/v2\/media?parent=79665"}],"wp:term":[{"taxonomy":"category","embeddable":true,"href":"https:\/\/mickyandoniehn.com\/radio\/wp-json\/wp\/v2\/categories?post=79665"},{"taxonomy":"post_tag","embeddable":true,"href":"https:\/\/mickyandoniehn.com\/radio\/wp-json\/wp\/v2\/tags?post=79665"}],"curies":[{"name":"wp","href":"https:\/\/api.w.org\/{rel}","templated":true}]}}