{"id":79482,"date":"2024-09-09T08:12:55","date_gmt":"2024-09-09T14:12:55","guid":{"rendered":"http:\/\/mickyandoniehn.com\/radio\/2024\/09\/09\/siguatepeque-se-prepara-para-el-festival-de-las-flores-2024\/"},"modified":"2024-09-09T08:12:55","modified_gmt":"2024-09-09T14:12:55","slug":"siguatepeque-se-prepara-para-el-festival-de-las-flores-2024","status":"publish","type":"post","link":"https:\/\/mickyandoniehn.com\/radio\/2024\/09\/09\/siguatepeque-se-prepara-para-el-festival-de-las-flores-2024\/","title":{"rendered":"Siguatepeque se prepara para el Festival de las Flores 2024"},"content":{"rendered":"<\/p>\n<p><strong>09.09.24<\/strong><\/p>\n<p>El Festival de las Flores 2024 est\u00e1 a la vuelta de la esquina y la expectativa est\u00e1 en su punto m\u00e1s alto, a celebrarse en la ciudad de Siguatepeque, departamento de Comayagua.<\/p>\n<p>\u201cPrep\u00e1rate para vivir la magia de florecer en la 8\u00aa edici\u00f3n de este evento que cada a\u00f1o nos sorprende con su colorido, creatividad y esp\u00edritu festivo\u201d, destac\u00f3 el Instituto Hondure\u00f1o del Turismo (IHT) en sus redes sociales.<\/p>\n<p>\u201cEste 2024, ven y disfruta de un espect\u00e1culo \u00fanico que combina naturaleza, arte y cultura en un solo lugar\u201d, invit\u00f3. \u00a0El IHT indic\u00f3 que \u201cpronto\u201d se revelar\u00e1n todos los detalles y sorpresa que traer\u00e1 el festival.<\/p>\n<p>El Festival de las Flores, celebrado anualmente en la ciudad de Siguatepeque, Honduras, es un evento lleno de color y tradici\u00f3n que rinde homenaje a la rica biodiversidad floral de la regi\u00f3n.<\/p>\n<p>Durante el festival, las calles de la ciudad se llenan de desfiles, exposiciones de flores, y actividades culturales. Los habitantes locales y visitantes pueden admirar arreglos florales impresionantes y participar en concursos que celebran la creatividad y el talento de los jardineros locales.<\/p>\n<p>Este festival tambi\u00e9n incluye conciertos, danzas folkl\u00f3ricas y una variedad de puestos con comida tradicional hondure\u00f1a.<\/p>\n<p>El evento tiene un fuerte enfoque en el ecoturismo, destacando la importancia de la conservaci\u00f3n de la flora local y promoviendo Siguatepeque como un destino de turismo sostenible.<\/p>\n<p>El primer Festival de las Flores fue el 4 de mayo de 2013, con el tradicional desfile y actividades culturales. Se enfatiz\u00f3 en la atracci\u00f3n tur\u00edstica para promover artesanos locales y nacionales. As\u00ed, se desarrollaron las siguientes ediciones hasta el 2019.<\/p>\n<p>Debido a la pandemia por el Covid-19, no se realiz\u00f3 ninguna actividad relacionada al festival durante el 2020. En el 2021, se realiz\u00f3 una actividad alusiva denominada \u201cEl Paseo de las Flores\u201d, de la mano de la reactivaci\u00f3n econ\u00f3mica y social debido al confinamiento por la pandemia.<\/p>\n<p>Fuente: Diario Roat\u00e1n.<\/p>\n","protected":false},"excerpt":{"rendered":"<p>09.09.24 El Festival de las Flores 2024 est\u00e1 a la vuelta de la esquina y la expectativa est\u00e1 en su punto m\u00e1s alto, a celebrarse en la ciudad de Siguatepeque, departamento de Comayagua. \u201cPrep\u00e1rate para vivir la magia de florecer en la 8\u00aa edici\u00f3n de este evento que cada a\u00f1o nos sorprende con su colorido, &hellip;<\/p>\n","protected":false},"author":0,"featured_media":79483,"comment_status":"open","ping_status":"open","sticky":false,"template":"","format":"standard","meta":{"_jetpack_memberships_contains_paid_content":false,"footnotes":""},"categories":[5],"tags":[],"class_list":["post-79482","post","type-post","status-publish","format-standard","has-post-thumbnail","","category-noticias"],"jetpack_sharing_enabled":true,"jetpack_featured_media_url":"https:\/\/mickyandoniehn.com\/radio\/wp-content\/uploads\/2024\/09\/FotoJet-2024-09-06T115505.864-1536x1056-1-750x430-1-kgYojX.png","_links":{"self":[{"href":"https:\/\/mickyandoniehn.com\/radio\/wp-json\/wp\/v2\/posts\/79482","targetHints":{"allow":["GET"]}}],"collection":[{"href":"https:\/\/mickyandoniehn.com\/radio\/wp-json\/wp\/v2\/posts"}],"about":[{"href":"https:\/\/mickyandoniehn.com\/radio\/wp-json\/wp\/v2\/types\/post"}],"replies":[{"embeddable":true,"href":"https:\/\/mickyandoniehn.com\/radio\/wp-json\/wp\/v2\/comments?post=79482"}],"version-history":[{"count":0,"href":"https:\/\/mickyandoniehn.com\/radio\/wp-json\/wp\/v2\/posts\/79482\/revisions"}],"wp:featuredmedia":[{"embeddable":true,"href":"https:\/\/mickyandoniehn.com\/radio\/wp-json\/wp\/v2\/media\/79483"}],"wp:attachment":[{"href":"https:\/\/mickyandoniehn.com\/radio\/wp-json\/wp\/v2\/media?parent=79482"}],"wp:term":[{"taxonomy":"category","embeddable":true,"href":"https:\/\/mickyandoniehn.com\/radio\/wp-json\/wp\/v2\/categories?post=79482"},{"taxonomy":"post_tag","embeddable":true,"href":"https:\/\/mickyandoniehn.com\/radio\/wp-json\/wp\/v2\/tags?post=79482"}],"curies":[{"name":"wp","href":"https:\/\/api.w.org\/{rel}","templated":true}]}}