{"id":79476,"date":"2024-09-09T08:12:48","date_gmt":"2024-09-09T14:12:48","guid":{"rendered":"http:\/\/mickyandoniehn.com\/radio\/2024\/09\/09\/cortes-de-energia-electrica-para-este-lunes-9-de-septiembre-en-honduras\/"},"modified":"2024-09-09T08:12:48","modified_gmt":"2024-09-09T14:12:48","slug":"cortes-de-energia-electrica-para-este-lunes-9-de-septiembre-en-honduras","status":"publish","type":"post","link":"https:\/\/mickyandoniehn.com\/radio\/2024\/09\/09\/cortes-de-energia-electrica-para-este-lunes-9-de-septiembre-en-honduras\/","title":{"rendered":"Cortes de energ\u00eda el\u00e9ctrica para este lunes 9 de septiembre en Honduras"},"content":{"rendered":"<p class=\"sub-parrafo thridlimit mt-0 mb-2\">La ENEE dio a conocer su nuevo calendario de cortes de energ\u00eda, que inicia este lunes con apagones en la zona norte de Honduras.<\/p>\n<div class=\"d-flex justify-content-start\">\n<div class=\"row w-100 p-0 m-0\">\n<div class=\"mr-2\"><\/div>\n<div><strong>09.09.24<\/strong><\/div>\n<div>\n<p><strong>Puerto Cort\u00e9s y San Pedro Sula<\/strong>\u00a0ser\u00e1n los lugares que no tendr\u00e1n luz el\u00e9ctrica este\u00a0<strong>lunes 9 de septiembre,<\/strong>\u00a0as\u00ed lo inform\u00f3 la Empresa Nacional de Energ\u00eda El\u00e9ctrica (ENEE) v\u00eda X, antes conocida como Twitter.<\/p>\n<p>Los trabajos a realizar este d\u00eda son: mantenimiento general de los circuitos, repotenciaci\u00f3n de los mismos, instalaci\u00f3n de poste y retiro de equipo de protecci\u00f3n.<\/p>\n<p>\u00ab<em>Con el objetivo de mantener en \u00f3ptimas condiciones el sistema el\u00e9ctrico y la continuidad en el servicio de energ\u00eda, conozca las zonas que estar\u00e1n en mantenimiento el lunes 09 de septiembre de 2024<\/em>\u00ab, escribi\u00f3 la instituci\u00f3n en sus redes sociales.<\/p>\n<h2>Sitios afectados:<\/h2>\n<h4>Puerto Cort\u00e9s: 8:00 am a 12:00 pm:<\/h4>\n<p>Bo. Buenos Aires, Bo. El Copen, Bo. La Curva.<\/p>\n<h4>Puerto Cort\u00e9s: 8:00 am a 12:00 pm:<\/h4>\n<p>Puerto Cort\u00e9s: (sector hotelero y playas municipales, Hotel Costa Mar, Hotel Villas del Sol, Gasolinera Uno, Hospital del \u00c1rea, Cervecer\u00eda Hondure\u00f1a, Base Naval, Restaurante Delf\u00edn, Blue Bell, Gasolinera Texaco H\u00e9rcules, Col. El Samaritano, El Sofoco, La Laguna, Bo. Pueblo Nuevo, KM 5, KM 6, La Roca, El Mirador, Nuevos Horizontes, 23 de abril, Nueva Esperanza, 14 de agosto, Brisas de La Laguna, Bo. El Porvenir, Callej\u00f3n Nelly Brocato, Bo. R\u00edo Mar y Bo. Cieneguita.<\/p>\n<h4>San Pedro Sula: 8:30 am a 12:30 pm:<\/h4>\n<p>El Cacao y Res. Palos Verdes.<\/p>\n<h4>Puerto Cort\u00e9s: 8:30 am a 4:30 pm:<\/h4>\n<p>Cortes de energ\u00eda en Puerto Cort\u00e9s este lunes. Foto: ENEE<\/p>\n<p>Fuente: tunota<\/p>\n<\/div>\n<\/div>\n<\/div>\n","protected":false},"excerpt":{"rendered":"<p>La ENEE dio a conocer su nuevo calendario de cortes de energ\u00eda, que inicia este lunes con apagones en la zona norte de Honduras. 09.09.24 Puerto Cort\u00e9s y San Pedro Sula\u00a0ser\u00e1n los lugares que no tendr\u00e1n luz el\u00e9ctrica este\u00a0lunes 9 de septiembre,\u00a0as\u00ed lo inform\u00f3 la Empresa Nacional de Energ\u00eda El\u00e9ctrica (ENEE) v\u00eda X, antes conocida &hellip;<\/p>\n","protected":false},"author":0,"featured_media":79477,"comment_status":"open","ping_status":"open","sticky":false,"template":"","format":"standard","meta":{"_jetpack_memberships_contains_paid_content":false,"footnotes":""},"categories":[5],"tags":[],"class_list":["post-79476","post","type-post","status-publish","format-standard","has-post-thumbnail","","category-noticias"],"jetpack_sharing_enabled":true,"jetpack_featured_media_url":"https:\/\/mickyandoniehn.com\/radio\/wp-content\/uploads\/2024\/09\/Imagen-de-WhatsApp-2024-07-24-a-las-11.01.39_1b3827f9-USoiDH.jpeg","_links":{"self":[{"href":"https:\/\/mickyandoniehn.com\/radio\/wp-json\/wp\/v2\/posts\/79476","targetHints":{"allow":["GET"]}}],"collection":[{"href":"https:\/\/mickyandoniehn.com\/radio\/wp-json\/wp\/v2\/posts"}],"about":[{"href":"https:\/\/mickyandoniehn.com\/radio\/wp-json\/wp\/v2\/types\/post"}],"replies":[{"embeddable":true,"href":"https:\/\/mickyandoniehn.com\/radio\/wp-json\/wp\/v2\/comments?post=79476"}],"version-history":[{"count":0,"href":"https:\/\/mickyandoniehn.com\/radio\/wp-json\/wp\/v2\/posts\/79476\/revisions"}],"wp:featuredmedia":[{"embeddable":true,"href":"https:\/\/mickyandoniehn.com\/radio\/wp-json\/wp\/v2\/media\/79477"}],"wp:attachment":[{"href":"https:\/\/mickyandoniehn.com\/radio\/wp-json\/wp\/v2\/media?parent=79476"}],"wp:term":[{"taxonomy":"category","embeddable":true,"href":"https:\/\/mickyandoniehn.com\/radio\/wp-json\/wp\/v2\/categories?post=79476"},{"taxonomy":"post_tag","embeddable":true,"href":"https:\/\/mickyandoniehn.com\/radio\/wp-json\/wp\/v2\/tags?post=79476"}],"curies":[{"name":"wp","href":"https:\/\/api.w.org\/{rel}","templated":true}]}}