{"id":79316,"date":"2024-09-08T07:12:42","date_gmt":"2024-09-08T13:12:42","guid":{"rendered":"http:\/\/mickyandoniehn.com\/radio\/2024\/09\/08\/honduras-en-la-historia-08-de-septiembre-de-1525-hernan-cortes-desembarca-en-puerto-caballos\/"},"modified":"2024-09-08T07:12:42","modified_gmt":"2024-09-08T13:12:42","slug":"honduras-en-la-historia-08-de-septiembre-de-1525-hernan-cortes-desembarca-en-puerto-caballos","status":"publish","type":"post","link":"https:\/\/mickyandoniehn.com\/radio\/2024\/09\/08\/honduras-en-la-historia-08-de-septiembre-de-1525-hernan-cortes-desembarca-en-puerto-caballos\/","title":{"rendered":"Honduras en la Historia:  08 de Septiembre de 1525, Hern\u00e1n Cortes desembarca en Puerto Caballos"},"content":{"rendered":"<\/p>\n<p>\u00a0<\/p>\n<p>En el a\u00f1o de 1519 comienza la expedici\u00f3n encabezada por Hern\u00e1n Cort\u00e9s desembarcando\u00a0 cerca del actual puerto de Veracruz, para comenzar la conquista de M\u00e9xico y Centroam\u00e9rica, pero fue hasta el a\u00f1o 1525 que llega a Honduras<\/p><\/p>\n","protected":false},"excerpt":{"rendered":"<p>\u00a0 En el a\u00f1o de 1519 comienza la expedici\u00f3n encabezada por Hern\u00e1n Cort\u00e9s desembarcando\u00a0 cerca del actual puerto de Veracruz, para comenzar la conquista de M\u00e9xico y Centroam\u00e9rica, pero fue hasta el a\u00f1o 1525 que llega a Honduras<\/p>\n","protected":false},"author":0,"featured_media":79317,"comment_status":"open","ping_status":"open","sticky":false,"template":"","format":"standard","meta":{"_jetpack_memberships_contains_paid_content":false,"footnotes":""},"categories":[5],"tags":[],"class_list":["post-79316","post","type-post","status-publish","format-standard","has-post-thumbnail","","category-noticias"],"jetpack_sharing_enabled":true,"jetpack_featured_media_url":"https:\/\/mickyandoniehn.com\/radio\/wp-content\/uploads\/2024\/09\/Diapositiva1-28-LmnszZ.png","_links":{"self":[{"href":"https:\/\/mickyandoniehn.com\/radio\/wp-json\/wp\/v2\/posts\/79316","targetHints":{"allow":["GET"]}}],"collection":[{"href":"https:\/\/mickyandoniehn.com\/radio\/wp-json\/wp\/v2\/posts"}],"about":[{"href":"https:\/\/mickyandoniehn.com\/radio\/wp-json\/wp\/v2\/types\/post"}],"replies":[{"embeddable":true,"href":"https:\/\/mickyandoniehn.com\/radio\/wp-json\/wp\/v2\/comments?post=79316"}],"version-history":[{"count":0,"href":"https:\/\/mickyandoniehn.com\/radio\/wp-json\/wp\/v2\/posts\/79316\/revisions"}],"wp:featuredmedia":[{"embeddable":true,"href":"https:\/\/mickyandoniehn.com\/radio\/wp-json\/wp\/v2\/media\/79317"}],"wp:attachment":[{"href":"https:\/\/mickyandoniehn.com\/radio\/wp-json\/wp\/v2\/media?parent=79316"}],"wp:term":[{"taxonomy":"category","embeddable":true,"href":"https:\/\/mickyandoniehn.com\/radio\/wp-json\/wp\/v2\/categories?post=79316"},{"taxonomy":"post_tag","embeddable":true,"href":"https:\/\/mickyandoniehn.com\/radio\/wp-json\/wp\/v2\/tags?post=79316"}],"curies":[{"name":"wp","href":"https:\/\/api.w.org\/{rel}","templated":true}]}}