{"id":79314,"date":"2024-09-08T07:12:39","date_gmt":"2024-09-08T13:12:39","guid":{"rendered":"http:\/\/mickyandoniehn.com\/radio\/2024\/09\/08\/honduras-en-la-historia-8-de-septiembre-1941-fallece-augusto-constantino-coello\/"},"modified":"2024-09-08T07:12:39","modified_gmt":"2024-09-08T13:12:39","slug":"honduras-en-la-historia-8-de-septiembre-1941-fallece-augusto-constantino-coello","status":"publish","type":"post","link":"https:\/\/mickyandoniehn.com\/radio\/2024\/09\/08\/honduras-en-la-historia-8-de-septiembre-1941-fallece-augusto-constantino-coello\/","title":{"rendered":"Honduras en la Historia:  8 de Septiembre 1941 Fallece Augusto Constantino Coello"},"content":{"rendered":"<\/p>\n<div class=\"xdj266r x11i5rnm xat24cr x1mh8g0r x1vvkbs x126k92a\">\n<div>Honduras en la historia, 08 de Septiembre 1941<\/div>\n<\/div>\n<div class=\"x11i5rnm xat24cr x1mh8g0r x1vvkbs xtlvy1s x126k92a\">\n<div>Fallece Augusto Constantino Coello<\/div>\n<div><\/div>\n<\/div>\n<div class=\"x11i5rnm xat24cr x1mh8g0r x1vvkbs xtlvy1s x126k92a\">\n<div>Fue un escritor, poeta y pol\u00edtico hondure\u00f1o. Naci\u00f3 en Tegucigalpa, capital de Honduras, el 1 de septiembre de 1884 (aunque algunos escritos apuntan que fue en 1884), siendo hijo del matrimonio que compon\u00eda el se\u00f1or Adan Coello y la se\u00f1ora Adela Est\u00e9vez. Recibi\u00f3 sus estudios en el \u201cColegio Eclesi\u00e1stico del Padre Fiallos\u201d, seguidamente continuo en la Escuela de derecho de la Universidad Central de Honduras.<\/div>\n<div>En 1904 fue Diputado al Congreso Nacional, seguidamente fue parte de la delegaci\u00f3n consular en la ciudad de Washington, D.C. en los Estados Unidos de Norte Am\u00e9rica; Jefe de la Delegaci\u00f3n de conferenciantes de \u201cLa Cuyamel\u201d.<\/div>\n<\/div>\n<div class=\"x11i5rnm xat24cr x1mh8g0r x1vvkbs xtlvy1s x126k92a\">\n<div>Diputado por el departamento de La Paz a la Asamblea Constituyente, instalada el 1 de junio de 1904 en Tegucigalpa. A consecuencia del golpe de Estado contra el general Manuel Bonilla el 25 de marzo de 1907, sale emigrado a Costa Rica pasando por El Salvador. Contrae matrimonio con la dama Joselina Castillo el 25 de diciembre de 1911. Para 1912, el general Manuel Bonilla es electo presidente de la Rep\u00fablica y regresa a Honduras.<\/div>\n<div><\/div>\n<\/div><\/p>\n","protected":false},"excerpt":{"rendered":"<p>Honduras en la historia, 08 de Septiembre 1941 Fallece Augusto Constantino Coello Fue un escritor, poeta y pol\u00edtico hondure\u00f1o. Naci\u00f3 en Tegucigalpa, capital de Honduras, el 1 de septiembre de 1884 (aunque algunos escritos apuntan que fue en 1884), siendo hijo del matrimonio que compon\u00eda el se\u00f1or Adan Coello y la se\u00f1ora Adela Est\u00e9vez. Recibi\u00f3 &hellip;<\/p>\n","protected":false},"author":0,"featured_media":79315,"comment_status":"open","ping_status":"open","sticky":false,"template":"","format":"standard","meta":{"_jetpack_memberships_contains_paid_content":false,"footnotes":""},"categories":[5],"tags":[],"class_list":["post-79314","post","type-post","status-publish","format-standard","has-post-thumbnail","","category-noticias"],"jetpack_sharing_enabled":true,"jetpack_featured_media_url":"https:\/\/mickyandoniehn.com\/radio\/wp-content\/uploads\/2024\/09\/8.2-REyP6l.png","_links":{"self":[{"href":"https:\/\/mickyandoniehn.com\/radio\/wp-json\/wp\/v2\/posts\/79314","targetHints":{"allow":["GET"]}}],"collection":[{"href":"https:\/\/mickyandoniehn.com\/radio\/wp-json\/wp\/v2\/posts"}],"about":[{"href":"https:\/\/mickyandoniehn.com\/radio\/wp-json\/wp\/v2\/types\/post"}],"replies":[{"embeddable":true,"href":"https:\/\/mickyandoniehn.com\/radio\/wp-json\/wp\/v2\/comments?post=79314"}],"version-history":[{"count":0,"href":"https:\/\/mickyandoniehn.com\/radio\/wp-json\/wp\/v2\/posts\/79314\/revisions"}],"wp:featuredmedia":[{"embeddable":true,"href":"https:\/\/mickyandoniehn.com\/radio\/wp-json\/wp\/v2\/media\/79315"}],"wp:attachment":[{"href":"https:\/\/mickyandoniehn.com\/radio\/wp-json\/wp\/v2\/media?parent=79314"}],"wp:term":[{"taxonomy":"category","embeddable":true,"href":"https:\/\/mickyandoniehn.com\/radio\/wp-json\/wp\/v2\/categories?post=79314"},{"taxonomy":"post_tag","embeddable":true,"href":"https:\/\/mickyandoniehn.com\/radio\/wp-json\/wp\/v2\/tags?post=79314"}],"curies":[{"name":"wp","href":"https:\/\/api.w.org\/{rel}","templated":true}]}}