{"id":79293,"date":"2024-09-07T11:12:40","date_gmt":"2024-09-07T17:12:40","guid":{"rendered":"http:\/\/mickyandoniehn.com\/radio\/2024\/09\/07\/panama-deporta-a-un-primer-grupo-de-mas-de-100-migrantes-indios-tras-un-acuerdo-con-ee-uu\/"},"modified":"2024-09-07T11:12:40","modified_gmt":"2024-09-07T17:12:40","slug":"panama-deporta-a-un-primer-grupo-de-mas-de-100-migrantes-indios-tras-un-acuerdo-con-ee-uu","status":"publish","type":"post","link":"https:\/\/mickyandoniehn.com\/radio\/2024\/09\/07\/panama-deporta-a-un-primer-grupo-de-mas-de-100-migrantes-indios-tras-un-acuerdo-con-ee-uu\/","title":{"rendered":"Panam\u00e1 deporta a un primer grupo de m\u00e1s de 100 migrantes indios tras un acuerdo con EE. UU."},"content":{"rendered":"<\/p>\n<p>07.09.2024<\/p>\n<div class=\"col-md-8\">\n<div class=\"main-content\">\n<p>Las autoridades paname\u00f1as deportaron este viernes a 130 migrantes indios en un vuelo ch\u00e1rter hacia Nueva Delhi financiado por Estados Unidos, en lo que supone el primer grupo de nacionales de este gigante asi\u00e1tico en ser expulsados como parte del acuerdo bilateral entre Panam\u00e1 y Washington en busca reducir el flujo migratorio hacia Norteam\u00e9rica.<\/p>\n<p>El vuelo de una aerol\u00ednea estadounidense parti\u00f3 sobre las 09:40 hora local (14:40 hora GMT) desde una base militar del aeropuerto Panam\u00e1 Pac\u00edfico, a las afueras de la capital paname\u00f1a.<\/p>\n<p>En ese grupo de indios hab\u00eda cinco mujeres, que arribaron al avi\u00f3n maniatadas con una cinta blanca -no con grilletes- que alguna llevaba junto a las tradicionales pulseras de reci\u00e9n casadas. Mientras tanto 125 hombres, en su mayor\u00eda j\u00f3venes, fueron tambi\u00e9n registrados antes de subir a la aeronave.<\/p>\n<p>Muchos de esos hombres eran de religi\u00f3n sij. Y aunque los m\u00e1s ortodoxos est\u00e1n obligados a llevar el pelo cubierto, en general con un turbante, solo uno portaba uno de color azafr\u00e1n, mientras que el resto lo llevaban al descubierto, recogido en el habitual mo\u00f1o, seg\u00fan pudo presenciar EFE.<\/p>\n<div><\/div>\n<h2><strong>\u00abAlgunos manifestaron temor por volver pero desistieron\u00bb<\/strong><\/h2>\n<p>\u00abNo hemos dicho que (los migrantes se devuelven) por decisi\u00f3n propia. Es un proceso de deportaci\u00f3n por migraci\u00f3n irregular (\u2026) completamente legal\u00bb, dijo el director de Migraci\u00f3n, Roger Mujica, que explic\u00f3 que los transe\u00fantes van esposados por \u00abseguridad\u00bb pero se respetan \u00ablos derechos humanos\u00bb.<\/p>\n<p>El mismo director asegur\u00f3 que \u00abcuatro\u00bb de esos migrantes indios \u00abmanifestaron tener un temor\u00bb de regresar a su pa\u00eds, pero que tras las \u00abexplicaciones\u00bb de las autoridades \u00abdesistieron\u00bb.<\/p>\n<p>Este primer vuelo de extracontinentales, que cost\u00f3 700.000 d\u00f3lares, seg\u00fan la Embajada de EE.UU, es parte del memor\u00e1ndum de entendimiento firmado por Estados Unidos y Panam\u00e1 el pasado 1 de julio, el mismo d\u00eda de la investidura del presidente paname\u00f1o, Jos\u00e9 Ra\u00fal Mulino, que prometi\u00f3 reducir significativamente el n\u00famero de migrantes que atraviesan la selva del Dari\u00e9n, la frontera natural con Colombia, en su camino hacia Norteam\u00e9rica.<\/p>\n<p>Ese acuerdo bilateral implica una financiaci\u00f3n inicial por parte de EE.UU. de 6 millones de d\u00f3lares, pero las autoridades han aclarado que tanto esos fondos como el n\u00famero de vuelos podr\u00edan aumentar. Desde el pasado 20 de agosto, ya han salido al menos cuatro vuelos en grupos de 30 migrantes, tres a Colombia y uno a Ecuador.<\/p>\n<p>Seg\u00fan este pacto, los transe\u00fantes ser\u00e1n retornados bajo la figura de la repatriaci\u00f3n o la deportaci\u00f3n \u00abtanto a los que tienen antecedentes (penales) como aquellos que ingresen de manera irregular al pa\u00eds, que son todos los que entran por el Dari\u00e9n\u00bb, como hab\u00eda se\u00f1alado en el pasado el director de migraci\u00f3n.<\/p>\n<p>Las autoridades paname\u00f1as estimaron esta semana que en 2024 unos 320.000 migrantes atravesar\u00e1n el Dari\u00e9n, con al menos 242.000 contabilizados ya hasta septiembre, lo que supone una reducci\u00f3n del 38 % frente al r\u00e9cord hist\u00f3rico de 520.000 que cruzaron el a\u00f1o pasado, una disminuci\u00f3n que vincularon a las nuevas pol\u00edticas de control migratorias implementadas por el nuevo Ejecutivo paname\u00f1o.<\/p>\n<h2><strong>Los indios, poco visibles en el Dari\u00e9n<\/strong><\/h2>\n<p>Seg\u00fan datos de 2023, de los 520.085 migrantes que cruzaron el Dari\u00e9n, 328.650 eran venezolanos, mientras que los indios ocupaban el d\u00e9cimo lugar con 3.736.<\/p>\n<p>Las autoridades paname\u00f1as recopilan esos datos en lugares como Bajo Chiquito, el primer poblado ind\u00edgena a la salida de la selva a orillas del r\u00edo Tuquesa, un chequeo que incluye tecnolog\u00eda biom\u00e9trica para identificar a los delincuentes con \u00f3rdenes de b\u00fasqueda internacional.<\/p>\n<p>Despu\u00e9s de llegar a Bajo Chiquito, los migrantes pagan un pasaje en las canoas para descender durante horas el r\u00edo hasta llegar al vasto albergue de Lajas Blancas, instalado por las autoridades paname\u00f1as con el apoyo de organismos humanitarios.<\/p>\n<p>Un d\u00eda del pasado abril, entre los migrantes que descend\u00edan de las canoas, hab\u00eda un grupo de 15 indios.<\/p>\n<p>\u00abNi idea qu\u00e9 pa\u00eds es este, \u00bfPanam\u00e1?\u00bb, dec\u00eda uno de ellos en hindi.<\/p>\n<p>No quer\u00edan hablar a c\u00e1mara, pero poco a poco fueron narrando a EFE parte de su ruta. Proced\u00edan de estados indios como Haryana, Punjab, Himachal Pradesh y Gujarat, y muchos de ellos eran sijs.<\/p>\n<p>Hicieron varias escalas en avi\u00f3n hasta llegar a Brasil, y desde all\u00ed iniciaron su camino hacia el norte. En el Dari\u00e9n siete bandidos les robaron m\u00f3viles, dinero, incluso ropa. \u00ab2.000 d\u00f3lares en total\u00bb, aseguraban. Estaban hambrientos y se emocionaban al bromear con que les dar\u00edan chapati, un t\u00edpico pan indio.<\/p>\n<p>Otros buscan rutas que les acerquen m\u00e1s a la frontera sur de Estados Unidos, como los vuelos a Nicaragua u otros pa\u00edses centroamericanos.<\/p>\n<p>En M\u00e9xico deben superar el \u00faltimo gran obst\u00e1culo: la frontera con EE.UU., donde seg\u00fan datos oficiales estadounidenses, en el a\u00f1o fiscal comprendido entre octubre de 2022 y septiembre de 2023, fueron interceptados un total de 96.917 indios, frente a los 8.027 en el periodo 2018-19 antes de la pandemia.<\/p>\n<p>Superado ese reto, establecidos ya en Estados Unidos, se encuentran 725.000 indios en situaci\u00f3n irregular, seg\u00fan datos de 2022, incluidos en un estudio del Pew Research Center, lo que supone el tercer grupo de migrantes irregulares m\u00e1s numeroso en el pa\u00eds tras los mexicanos y salvadore\u00f1os.<\/p>\n<\/div>\n<\/div>\n<div class=\"col-md-4\">\n<div class=\"sideSuperButton\">Fuente: Tu Nota<\/div>\n<div class=\"sideAd300x250\">\n<div class=\"justify-content-center w-100 banner350\">\n<div><\/div>\n<\/div>\n<\/div>\n<div class=\"col-xs tecomendamosmovil scrollsiderbarpanama-deporta-a-un-primer-grupo-de-mas-de-100-migrantes-indios-tras-un-acuerdo-con-ee-uu-2024-09-06\"><\/div>\n<div class=\"col-xs mb-3 cajasuscripcionmovil scrollsiderbarpanama-deporta-a-un-primer-grupo-de-mas-de-100-migrantes-indios-tras-un-acuerdo-con-ee-uu-2024-09-06\">\n<div class=\"card-suscribete text-center\">\n<div class=\"profile-card\">\n<div class=\"profile-header\"><\/div>\n<div class=\"profile-content\">\n<div class=\"for-pwd-htm col-md-12\">\n<div class=\"group\"><\/div>\n<p><label class=\"label pt-2 limitbanner\" for=\"userpanama-deporta-a-un-primer-grupo-de-mas-de-100-migrantes-indios-tras-un-acuerdo-con-ee-uu-2024-09-06\"><\/label><\/p>\n<\/div>\n<\/div>\n<\/div>\n<\/div>\n<\/div>\n<\/div>\n","protected":false},"excerpt":{"rendered":"<p>07.09.2024 Las autoridades paname\u00f1as deportaron este viernes a 130 migrantes indios en un vuelo ch\u00e1rter hacia Nueva Delhi financiado por Estados Unidos, en lo que supone el primer grupo de nacionales de este gigante asi\u00e1tico en ser expulsados como parte del acuerdo bilateral entre Panam\u00e1 y Washington en busca reducir el flujo migratorio hacia Norteam\u00e9rica. &hellip;<\/p>\n","protected":false},"author":0,"featured_media":79294,"comment_status":"open","ping_status":"open","sticky":false,"template":"","format":"standard","meta":{"_jetpack_memberships_contains_paid_content":false,"footnotes":""},"categories":[5],"tags":[],"class_list":["post-79293","post","type-post","status-publish","format-standard","has-post-thumbnail","","category-noticias"],"jetpack_sharing_enabled":true,"jetpack_featured_media_url":"https:\/\/mickyandoniehn.com\/radio\/wp-content\/uploads\/2024\/09\/18-1-igY9Ia.jpeg","_links":{"self":[{"href":"https:\/\/mickyandoniehn.com\/radio\/wp-json\/wp\/v2\/posts\/79293","targetHints":{"allow":["GET"]}}],"collection":[{"href":"https:\/\/mickyandoniehn.com\/radio\/wp-json\/wp\/v2\/posts"}],"about":[{"href":"https:\/\/mickyandoniehn.com\/radio\/wp-json\/wp\/v2\/types\/post"}],"replies":[{"embeddable":true,"href":"https:\/\/mickyandoniehn.com\/radio\/wp-json\/wp\/v2\/comments?post=79293"}],"version-history":[{"count":0,"href":"https:\/\/mickyandoniehn.com\/radio\/wp-json\/wp\/v2\/posts\/79293\/revisions"}],"wp:featuredmedia":[{"embeddable":true,"href":"https:\/\/mickyandoniehn.com\/radio\/wp-json\/wp\/v2\/media\/79294"}],"wp:attachment":[{"href":"https:\/\/mickyandoniehn.com\/radio\/wp-json\/wp\/v2\/media?parent=79293"}],"wp:term":[{"taxonomy":"category","embeddable":true,"href":"https:\/\/mickyandoniehn.com\/radio\/wp-json\/wp\/v2\/categories?post=79293"},{"taxonomy":"post_tag","embeddable":true,"href":"https:\/\/mickyandoniehn.com\/radio\/wp-json\/wp\/v2\/tags?post=79293"}],"curies":[{"name":"wp","href":"https:\/\/api.w.org\/{rel}","templated":true}]}}