{"id":79253,"date":"2024-09-06T15:12:40","date_gmt":"2024-09-06T21:12:40","guid":{"rendered":"http:\/\/mickyandoniehn.com\/radio\/2024\/09\/06\/declaran-estado-de-desastre-por-incendios-forestales-en-cordoba-argentina\/"},"modified":"2024-09-06T15:12:40","modified_gmt":"2024-09-06T21:12:40","slug":"declaran-estado-de-desastre-por-incendios-forestales-en-cordoba-argentina","status":"publish","type":"post","link":"https:\/\/mickyandoniehn.com\/radio\/2024\/09\/06\/declaran-estado-de-desastre-por-incendios-forestales-en-cordoba-argentina\/","title":{"rendered":"Declaran estado de desastre por incendios forestales en C\u00f3rdoba, Argentina"},"content":{"rendered":"<\/p>\n<p>06.09.2024<\/p>\n<p><strong>La Secretar\u00eda de Gesti\u00f3n de Riesgo Clim\u00e1tico de la provincia de C\u00f3rdoba indic\u00f3 que\u00a0los incendios principales fueron controlados y contin\u00faan con el control de focos.<\/strong><\/p>\n<p>El gobernador de la provincia argentina de\u00a0C\u00f3rdoba, Mart\u00edn Llaryora, declar\u00f3 el jueves el estado de desastre en los\u00a0departamentos de Calamuchita, Punilla, Col\u00f3n y Santa Mar\u00eda por los incendios forestales que han consumido m\u00e1s de 12,000 hect\u00e1reas.<\/p>\n<p>Seg\u00fan fuentes oficiales, la situaci\u00f3n se centra en las regiones de Calamuchita y El Durazno, donde los primeros resultados de los peritajes revelaron que hay\u00a0graves da\u00f1os en la zona, \u201cpor lo que es necesario\u00a0brindar contenci\u00f3n desde la gobernaci\u00f3n\u201d. Trascendi\u00f3 que \u00e1reas del Gobierno\u00a0\u201cse encuentran valorando da\u00f1os para definir acciones e instrumentar ayudas a los damnificados\u201d.<\/p>\n<p>En las \u00faltimas horas la Secretar\u00eda de Gesti\u00f3n de Riesgo Clim\u00e1tico de la provincia de C\u00f3rdoba indic\u00f3 que\u00a0los incendios principales fueron controlados y contin\u00faan con el control de focos.<\/p>\n<p>\u201cNuestros bomberos y equipos especiales son el verdadero ejemplo de sacrificio y entrega. Gracias a su valent\u00eda y profesionalismo\u201d, expres\u00f3 Llaryora en sus redes sociales.<\/p>\n<p>Un hombre de 71 a\u00f1os fue acusado de iniciar el siniestro como \u201cincendio culposo agravado\u201d\u00a0al creer que una chispa o ceniza se escap\u00f3 de una estufa de su casa. Por esto podr\u00eda enfrentar una\u00a0pena de hasta 5 a\u00f1os de prisi\u00f3n. Las autoridades comunicaron que se quemaron cerca de\u00a012.600 hect\u00e1reas\u00a0y un per\u00edmetro total de\u00a086 kil\u00f3metros.<\/p>\n<p>Asimismo, se inform\u00f3 que el\u00a0Fondo Permanente de Atenci\u00f3n de Situaciones de Desastre\u00a0se increment\u00f3 a\u00a0cinco mil millones de pesos, aunque a nivel nacional por el momento no anunciaron mayores refuerzos, tras el desmantelamiento del Sistema de Manejo del Fuego ocurrido a lo largo de estos meses.<\/p>\n<p>Fuente: Diarioroat\u00e1n.com<\/p>\n","protected":false},"excerpt":{"rendered":"<p>06.09.2024 La Secretar\u00eda de Gesti\u00f3n de Riesgo Clim\u00e1tico de la provincia de C\u00f3rdoba indic\u00f3 que\u00a0los incendios principales fueron controlados y contin\u00faan con el control de focos. El gobernador de la provincia argentina de\u00a0C\u00f3rdoba, Mart\u00edn Llaryora, declar\u00f3 el jueves el estado de desastre en los\u00a0departamentos de Calamuchita, Punilla, Col\u00f3n y Santa Mar\u00eda por los incendios forestales &hellip;<\/p>\n","protected":false},"author":0,"featured_media":79254,"comment_status":"open","ping_status":"open","sticky":false,"template":"","format":"standard","meta":{"_jetpack_memberships_contains_paid_content":false,"footnotes":""},"categories":[5],"tags":[],"class_list":["post-79253","post","type-post","status-publish","format-standard","has-post-thumbnail","","category-noticias"],"jetpack_sharing_enabled":true,"jetpack_featured_media_url":"https:\/\/mickyandoniehn.com\/radio\/wp-content\/uploads\/2024\/09\/3y6awj34xbhkzp5kmvjchhcsa4-750x430-1-XbKmHh.jpeg","_links":{"self":[{"href":"https:\/\/mickyandoniehn.com\/radio\/wp-json\/wp\/v2\/posts\/79253","targetHints":{"allow":["GET"]}}],"collection":[{"href":"https:\/\/mickyandoniehn.com\/radio\/wp-json\/wp\/v2\/posts"}],"about":[{"href":"https:\/\/mickyandoniehn.com\/radio\/wp-json\/wp\/v2\/types\/post"}],"replies":[{"embeddable":true,"href":"https:\/\/mickyandoniehn.com\/radio\/wp-json\/wp\/v2\/comments?post=79253"}],"version-history":[{"count":0,"href":"https:\/\/mickyandoniehn.com\/radio\/wp-json\/wp\/v2\/posts\/79253\/revisions"}],"wp:featuredmedia":[{"embeddable":true,"href":"https:\/\/mickyandoniehn.com\/radio\/wp-json\/wp\/v2\/media\/79254"}],"wp:attachment":[{"href":"https:\/\/mickyandoniehn.com\/radio\/wp-json\/wp\/v2\/media?parent=79253"}],"wp:term":[{"taxonomy":"category","embeddable":true,"href":"https:\/\/mickyandoniehn.com\/radio\/wp-json\/wp\/v2\/categories?post=79253"},{"taxonomy":"post_tag","embeddable":true,"href":"https:\/\/mickyandoniehn.com\/radio\/wp-json\/wp\/v2\/tags?post=79253"}],"curies":[{"name":"wp","href":"https:\/\/api.w.org\/{rel}","templated":true}]}}