{"id":78992,"date":"2024-09-05T11:18:07","date_gmt":"2024-09-05T17:18:07","guid":{"rendered":"http:\/\/mickyandoniehn.com\/radio\/2024\/09\/05\/enee-instalara-sistema-de-almacenamiento-de-energia-con-baterias\/"},"modified":"2024-09-05T11:18:07","modified_gmt":"2024-09-05T17:18:07","slug":"enee-instalara-sistema-de-almacenamiento-de-energia-con-baterias","status":"publish","type":"post","link":"https:\/\/mickyandoniehn.com\/radio\/2024\/09\/05\/enee-instalara-sistema-de-almacenamiento-de-energia-con-baterias\/","title":{"rendered":"ENEE instalar\u00e1 sistema de almacenamiento de energ\u00eda con bater\u00edas"},"content":{"rendered":"<\/p>\n<p><strong>05.09.24<\/strong><\/p>\n<p>La Empresa Nacional de Energ\u00eda El\u00e9ctrica (ENEE) anunci\u00f3 la instalaci\u00f3n de un sistema de almacenamiento de energ\u00eda con bater\u00edas para enfrentar complicaciones en el suministro en el pr\u00f3ximo verano y la demanda del 2025.<\/p>\n<p>El titular de la Secretar\u00eda de Energ\u00eda, Erick Tejada Carbajal, inform\u00f3 a trav\u00e9s de su cuenta de X que \u201cya est\u00e1 listo el anuncio de la licitaci\u00f3n p\u00fablica internacional para la instalaci\u00f3n de un sistema de almacenamiento de energ\u00eda con bater\u00edas, 75 MW\/300 MWH a conectar en la Subestaci\u00f3n Amarateca\u201d.<\/p>\n<div class=\"fs-dynamic\">\n<div>\n<div>\n<div class=\"__fs-ancillary\">\n<div class=\"__fs-branding\"><a href=\"https:\/\/ads.freestar.com\/?utm_campaign=branding&amp;utm_medium=dynamicAd&amp;utm_source=latribuna.hn&amp;utm_content=latribuna_incontent_dynamic_article\" target=\"_blank\" rel=\"noopener\"><\/a><\/div>\n<\/div>\n<\/div>\n<\/div>\n<\/div>\n<p>\u201cHonduras se mueve a almacenar energ\u00eda de los 520 MW de capacidad instalada solar, para tener disponibilidad en la noche y en las horas de m\u00e1xima demanda\u201d, agreg\u00f3 el funcionario.<\/p>\n<p>En ese contexto, la ENEE invit\u00f3 a los oferentes elegibles interesados a presentar ofertas selladas para la \u201cContrataci\u00f3n para el estudio, dise\u00f1o, suministro, instalaci\u00f3n, pruebas y puesta en servicio de un sistema de almacenamiento de energ\u00eda con bater\u00eda conectado a la red (BESS) de una capacidad de 75 MW\/300MWH, en la subestaci\u00f3n Amarateca de la Empresa Nacional de Energ\u00eda El\u00e9ctrica (ENEE)\u00bb.<\/p>\n<p>Erick Tejada: \u201cHonduras se mueve a almacenar energ\u00eda de los 520 MW de capacidad instalada solar\u201d.<\/p>\n<h3>FONDOS NACIONALES<\/h3>\n<div class=\"fs-dynamic\">\n<div>\n<div>\n<div class=\"__fs-ancillary\">\n<div class=\"__fs-branding\"><\/div>\n<\/div>\n<\/div>\n<\/div>\n<\/div>\n<p>El financiamiento para la realizaci\u00f3n del presente proceso proviene exclusivamente de fondos nacionales. La licitaci\u00f3n se efectuar\u00e1 conforme a los procedimientos de Licitaci\u00f3n P\u00fablica Internacional (LPI) establecidos en la Ley de Contrataci\u00f3n del Estado y su Reglamento.<\/p>\n<p>Las bater\u00edas ser\u00edan una herramienta \u00fatil para contrarrestar el cambio clim\u00e1tico, ya que facilitan un uso m\u00e1s flexible de la energ\u00eda que permite adaptarse a los descensos y picos de la demanda y el suministro.<\/p>\n<p>Tejada Carbajal record\u00f3 los serios problemas que enfrentaron en el verano de este a\u00f1o, por tanto, se prepara con licitaciones para contrarrestar apagones en los pr\u00f3ximos a\u00f1os.<\/p>\n<p>\u201cLas lluvias han mejorado mucho los niveles de los embalses, Patuca dej\u00f3 de operar durante lo m\u00e1s grave de la sequ\u00eda y de las olas de calor\u201d, se\u00f1al\u00f3 la fuente gubernamental.<\/p>\n<p>\u201cLa capacidad instalada son 240 megas durante la crisis inyectaron 20 megas por mucho, ahora se ha normalizado m\u00e1s y se inyectan 150 megas\u201d, expuso.<\/p>\n<p>\u201cEl e\u00f3lico ha estado inyectando m\u00e1s de 80 megas, durante la crisis no obtuvimos ni un tan solo mega. Han mejorado much\u00edsimo las condiciones del sistema interconectado y esperamos que sigan as\u00ed por el resto del a\u00f1o\u201d, confi\u00f3.<\/p>\n<p>Fuente: La Tribuna<\/p>\n","protected":false},"excerpt":{"rendered":"<p>05.09.24 La Empresa Nacional de Energ\u00eda El\u00e9ctrica (ENEE) anunci\u00f3 la instalaci\u00f3n de un sistema de almacenamiento de energ\u00eda con bater\u00edas para enfrentar complicaciones en el suministro en el pr\u00f3ximo verano y la demanda del 2025. El titular de la Secretar\u00eda de Energ\u00eda, Erick Tejada Carbajal, inform\u00f3 a trav\u00e9s de su cuenta de X que \u201cya &hellip;<\/p>\n","protected":false},"author":0,"featured_media":78993,"comment_status":"open","ping_status":"open","sticky":false,"template":"","format":"standard","meta":{"_jetpack_memberships_contains_paid_content":false,"footnotes":""},"categories":[5],"tags":[],"class_list":["post-78992","post","type-post","status-publish","format-standard","has-post-thumbnail","","category-noticias"],"jetpack_sharing_enabled":true,"jetpack_featured_media_url":"https:\/\/mickyandoniehn.com\/radio\/wp-content\/uploads\/2024\/09\/BATERIAS-ENEE-696x357-1-PtEdNj.jpeg","_links":{"self":[{"href":"https:\/\/mickyandoniehn.com\/radio\/wp-json\/wp\/v2\/posts\/78992","targetHints":{"allow":["GET"]}}],"collection":[{"href":"https:\/\/mickyandoniehn.com\/radio\/wp-json\/wp\/v2\/posts"}],"about":[{"href":"https:\/\/mickyandoniehn.com\/radio\/wp-json\/wp\/v2\/types\/post"}],"replies":[{"embeddable":true,"href":"https:\/\/mickyandoniehn.com\/radio\/wp-json\/wp\/v2\/comments?post=78992"}],"version-history":[{"count":0,"href":"https:\/\/mickyandoniehn.com\/radio\/wp-json\/wp\/v2\/posts\/78992\/revisions"}],"wp:featuredmedia":[{"embeddable":true,"href":"https:\/\/mickyandoniehn.com\/radio\/wp-json\/wp\/v2\/media\/78993"}],"wp:attachment":[{"href":"https:\/\/mickyandoniehn.com\/radio\/wp-json\/wp\/v2\/media?parent=78992"}],"wp:term":[{"taxonomy":"category","embeddable":true,"href":"https:\/\/mickyandoniehn.com\/radio\/wp-json\/wp\/v2\/categories?post=78992"},{"taxonomy":"post_tag","embeddable":true,"href":"https:\/\/mickyandoniehn.com\/radio\/wp-json\/wp\/v2\/tags?post=78992"}],"curies":[{"name":"wp","href":"https:\/\/api.w.org\/{rel}","templated":true}]}}