{"id":78988,"date":"2024-09-05T11:18:02","date_gmt":"2024-09-05T17:18:02","guid":{"rendered":"http:\/\/mickyandoniehn.com\/radio\/2024\/09\/05\/warunta-sera-declarado-como-reserva-antropologica\/"},"modified":"2024-09-05T11:18:02","modified_gmt":"2024-09-05T17:18:02","slug":"warunta-sera-declarado-como-reserva-antropologica","status":"publish","type":"post","link":"https:\/\/mickyandoniehn.com\/radio\/2024\/09\/05\/warunta-sera-declarado-como-reserva-antropologica\/","title":{"rendered":"Warunta ser\u00e1 declarado como reserva antropol\u00f3gica"},"content":{"rendered":"<\/p>\n<p><strong>05.09.24<\/strong><\/p>\n<p>Honduras reafirma su compromiso con la conservaci\u00f3n del medio ambiente y la preservaci\u00f3n de su incomparable biodiversidad. El Instituto Nacional de Conservaci\u00f3n y Desarrollo Forestal, \u00c1reas Protegidas y Vida Silvestre (ICF), realiza el proceso de\u00a0<strong>declaratoria para la nueva Reserva Antropol\u00f3gica \u00abWarunta\u00bb<\/strong>. \u00a1Qu\u00e9 bien!<\/p>\n<h2><strong>Warunta ser\u00e1 declarado como reserva antropol\u00f3gica<\/strong><\/h2>\n<p>La nueva Reserva Antropol\u00f3gica \u00abWarunta\u00bb, un esfuerzo en la protecci\u00f3n de las riquezas naturales que se encuentran entre los municipios de\u00a0<strong>Wampusirpi y Puerto Lempira<\/strong>\u00a0en el departamento de Gracias a Dios.<\/p>\n<p>As\u00ed mismo, esta reserva se extiende po<strong>r 65,369.72 hect\u00e1reas de biodiversidad<\/strong>\u00a0\u00fanica y vital para la regi\u00f3n de La Mosquitia.<\/p>\n<div class=\"wp-block-image\">\nFoto: La Tribuna\n<\/div>\n<p>De acuerdo a La Tribuna, la solicitud de los pueblos misquitos,<strong>\u00a0el<\/strong>\u00a0<strong>proceso de declaratoria est\u00e1 en marcha,<\/strong>\u00a0y se llevar\u00e1 a cabo la evacuaci\u00f3n con consulta libre y previa, de las comunidades originarias misquitas en la regi\u00f3n, asegurando sus derechos y la cosmovisi\u00f3n ancestral de su cultura. \u00a1Qu\u00e9 buena noticia!<\/p>\n<p>Cabe destacar de que el\u00a0<strong>pueblo misquito dio su consentimiento\u00a0<\/strong>a las autoridades gubernamentales para impulsar la declaratoria. Autoridades del ICF explicaron que una de las principales funciones es proteger los ecosistemas y estilos de vida de los habitantes.<\/p>\n<p>Fuente: Honduras.com<\/p>\n","protected":false},"excerpt":{"rendered":"<p>05.09.24 Honduras reafirma su compromiso con la conservaci\u00f3n del medio ambiente y la preservaci\u00f3n de su incomparable biodiversidad. El Instituto Nacional de Conservaci\u00f3n y Desarrollo Forestal, \u00c1reas Protegidas y Vida Silvestre (ICF), realiza el proceso de\u00a0declaratoria para la nueva Reserva Antropol\u00f3gica \u00abWarunta\u00bb. \u00a1Qu\u00e9 bien! Warunta ser\u00e1 declarado como reserva antropol\u00f3gica La nueva Reserva Antropol\u00f3gica \u00abWarunta\u00bb, &hellip;<\/p>\n","protected":false},"author":0,"featured_media":78989,"comment_status":"open","ping_status":"open","sticky":false,"template":"","format":"standard","meta":{"_jetpack_memberships_contains_paid_content":false,"footnotes":""},"categories":[5],"tags":[],"class_list":["post-78988","post","type-post","status-publish","format-standard","has-post-thumbnail","","category-noticias"],"jetpack_sharing_enabled":true,"jetpack_featured_media_url":"https:\/\/mickyandoniehn.com\/radio\/wp-content\/uploads\/2024\/09\/mis-2-L3UDPw.jpeg","_links":{"self":[{"href":"https:\/\/mickyandoniehn.com\/radio\/wp-json\/wp\/v2\/posts\/78988","targetHints":{"allow":["GET"]}}],"collection":[{"href":"https:\/\/mickyandoniehn.com\/radio\/wp-json\/wp\/v2\/posts"}],"about":[{"href":"https:\/\/mickyandoniehn.com\/radio\/wp-json\/wp\/v2\/types\/post"}],"replies":[{"embeddable":true,"href":"https:\/\/mickyandoniehn.com\/radio\/wp-json\/wp\/v2\/comments?post=78988"}],"version-history":[{"count":0,"href":"https:\/\/mickyandoniehn.com\/radio\/wp-json\/wp\/v2\/posts\/78988\/revisions"}],"wp:featuredmedia":[{"embeddable":true,"href":"https:\/\/mickyandoniehn.com\/radio\/wp-json\/wp\/v2\/media\/78989"}],"wp:attachment":[{"href":"https:\/\/mickyandoniehn.com\/radio\/wp-json\/wp\/v2\/media?parent=78988"}],"wp:term":[{"taxonomy":"category","embeddable":true,"href":"https:\/\/mickyandoniehn.com\/radio\/wp-json\/wp\/v2\/categories?post=78988"},{"taxonomy":"post_tag","embeddable":true,"href":"https:\/\/mickyandoniehn.com\/radio\/wp-json\/wp\/v2\/tags?post=78988"}],"curies":[{"name":"wp","href":"https:\/\/api.w.org\/{rel}","templated":true}]}}